{"id":365250,"date":"2025-09-04T08:32:10","date_gmt":"2025-09-04T08:32:10","guid":{"rendered":"https:\/\/www.europesays.com\/fr\/365250\/"},"modified":"2025-09-04T08:32:10","modified_gmt":"2025-09-04T08:32:10","slug":"om-apres-rowe-rabiot-une-nouvelle-altercation-passee-sous-silence","status":"publish","type":"post","link":"https:\/\/www.europesays.com\/fr\/365250\/","title":{"rendered":"OM\u00a0:apr\u00e8s Rowe &#8211; Rabiot, une nouvelle altercation pass\u00e9e sous silence\u00a0!\u00a0"},"content":{"rendered":"<p><strong>L\u2019Olympique de Marseille n\u2019en finit plus d\u2019alimenter la rubrique faits divers. Apr\u00e8s l\u2019incident Rowe \u2013 Rabiot qui a secou\u00e9 le vestiaire phoc\u00e9en, c\u2019est cette fois en dehors des terrains que le feuilleton se poursuit.\u00a0<\/strong><\/p>\n<p>L\u2019OM ne laisse personne indiff\u00e9rent. M\u00eame sur les plateaux TV, le club phoc\u00e9en r\u00e9ussit \u00e0 d\u00e9cha\u00eener les passions. Mohamed Toubache-Ter, toujours prompt \u00e0 l\u00e2cher une petite bombe sur les r\u00e9seaux sociaux, a post\u00e9 un message \u00e9nigmatique qui a rapidement fait r\u00e9agir la twittosph\u00e8re : \u00ab On a beaucoup parl\u00e9 de ce qui s\u2019est pass\u00e9 dans le vestiaire de l\u2019<a href=\"https:\/\/www.butfootballclub.fr\/617042-om-egan-riley-connait-sa-sanction-apres-lolympico\/\" rel=\"noopener\" target=\"_blank\">Olympique de Marseille<\/a>\u2026 on pourrait en faire de m\u00eame pour \u00e9voquer ce qui s\u2019est pass\u00e9 sur un plateau d\u2019une cha\u00eene sportive en pleine publicit\u00e9. Mais l\u00e0 \u00e9trangement, \u00e7a ne fera pas la UNE des journaux !! \u00bb<\/p>\n<p>Une d\u00e9claration lourde de sous-entendus qui semble faire r\u00e9f\u00e9rence \u00e0 l\u2019altercation survenue dimanche soir sur le plateau de <a href=\"https:\/\/www.butfootballclub.fr\/617014-om-mercato-benatia-et-longoria-ont-evite-une-sacree-galere-avec-laporte\" rel=\"noopener\" target=\"_blank\">La Cha\u00eene L\u2019\u00c9quipe<\/a>. En pleine antenne, Ludovic Obraniak et S\u00e9bastien Tarrago en sont venus aux mots\u2026 et peut-\u00eatre plus encore. L\u2019incident, se serait poursuivi hors antenne et a r\u00e9v\u00e9l\u00e9 une ambiance \u00e9lectrique jusque dans les coulisses des plateaux t\u00e9l\u00e9.<\/p>\n<p>Climat pesant autour de l\u2019OM<\/p>\n<p>Si l\u2019\u00e9pisode fait sourire certains supporters, il t\u00e9moigne d\u2019un climat pesant autour de l\u2019<a href=\"https:\/\/www.butfootballclub.fr\/617049-om-une-legende-du-club-vole-au-secours-de-balerdi\/\" rel=\"noopener\" target=\"_blank\">OM<\/a>. Depuis plusieurs semaines, le club est au c\u0153ur de pol\u00e9miques \u00e0 r\u00e9p\u00e9tition : tensions internes, performances en dents de scie, et d\u00e9sormais r\u00e8glements de comptes loin de Marseille\u00a0!\u00a0<\/p>\n<p>De leur c\u00f4t\u00e9, ni Obraniak ni Tarrago n\u2019ont souhait\u00e9 commenter l\u2019affaire publiquement, pr\u00e9f\u00e9rant minimiser l\u2019incident. Mais la sortie de Toubache-Ter, suivie par des milliers de supporters, a donn\u00e9 un \u00e9cho m\u00e9diatique retentissant \u00e0 ce clash d\u2019un nouveau genre.<\/p>\n","protected":false},"excerpt":{"rendered":"L\u2019Olympique de Marseille n\u2019en finit plus d\u2019alimenter la rubrique faits divers. Apr\u00e8s l\u2019incident Rowe \u2013 Rabiot qui a&hellip;\n","protected":false},"author":2,"featured_media":365251,"comment_status":"","ping_status":"","sticky":false,"template":"","format":"standard","meta":{"footnotes":""},"categories":[1410],"tags":[11,448,63,1011,27,66,3388,12,60,10662],"class_list":{"0":"post-365250","1":"post","2":"type-post","3":"status-publish","4":"format-standard","5":"has-post-thumbnail","7":"category-football","8":"tag-actualites","9":"tag-champions-league","10":"tag-football","11":"tag-fr","12":"tag-france","13":"tag-ligue-1","14":"tag-matchs","15":"tag-news","16":"tag-sports","17":"tag-transferts"},"share_on_mastodon":{"url":"https:\/\/pubeurope.com\/@fr\/115145103316992268","error":""},"_links":{"self":[{"href":"https:\/\/www.europesays.com\/fr\/wp-json\/wp\/v2\/posts\/365250","targetHints":{"allow":["GET"]}}],"collection":[{"href":"https:\/\/www.europesays.com\/fr\/wp-json\/wp\/v2\/posts"}],"about":[{"href":"https:\/\/www.europesays.com\/fr\/wp-json\/wp\/v2\/types\/post"}],"author":[{"embeddable":true,"href":"https:\/\/www.europesays.com\/fr\/wp-json\/wp\/v2\/users\/2"}],"replies":[{"embeddable":true,"href":"https:\/\/www.europesays.com\/fr\/wp-json\/wp\/v2\/comments?post=365250"}],"version-history":[{"count":0,"href":"https:\/\/www.europesays.com\/fr\/wp-json\/wp\/v2\/posts\/365250\/revisions"}],"wp:featuredmedia":[{"embeddable":true,"href":"https:\/\/www.europesays.com\/fr\/wp-json\/wp\/v2\/media\/365251"}],"wp:attachment":[{"href":"https:\/\/www.europesays.com\/fr\/wp-json\/wp\/v2\/media?parent=365250"}],"wp:term":[{"taxonomy":"category","embeddable":true,"href":"https:\/\/www.europesays.com\/fr\/wp-json\/wp\/v2\/categories?post=365250"},{"taxonomy":"post_tag","embeddable":true,"href":"https:\/\/www.europesays.com\/fr\/wp-json\/wp\/v2\/tags?post=365250"}],"curies":[{"name":"wp","href":"https:\/\/api.w.org\/{rel}","templated":true}]}}