{"id":365252,"date":"2025-09-04T08:33:11","date_gmt":"2025-09-04T08:33:11","guid":{"rendered":"https:\/\/www.europesays.com\/fr\/365252\/"},"modified":"2025-09-04T08:33:11","modified_gmt":"2025-09-04T08:33:11","slug":"vianney-la-construction-de-sa-cabane-en-bois-lui-donne-des-cauchemars","status":"publish","type":"post","link":"https:\/\/www.europesays.com\/fr\/365252\/","title":{"rendered":"Vianney: La construction de sa cabane en bois lui donne des cauchemars"},"content":{"rendered":"<p>Publi\u00e93. septembre 2025, 21:36<\/p>\n<p>Vianney: La construction de sa cabane en bois lui donne des cauchemars<\/p>\n<p>Vianney s&rsquo;est lanc\u00e9 le d\u00e9fi de construire son propre studio d&rsquo;enregistrement, pr\u00e8s d&rsquo;une for\u00eat. Le chanteur fran\u00e7ais n&rsquo;imaginait pas la t\u00e2che si ardue&#8230;<\/p>\n<p><img decoding=\"async\" alt=\"Ludovic Jaccard\" src=\"https:\/\/www.europesays.com\/fr\/wp-content\/uploads\/2025\/09\/8e4d4d82-75f3-475a-b6bb-0ad038a1edcd.jpeg\" class=\"sc-b1f21c84-1 juVSAe\"\/><\/p>\n<p>Depuis le d\u00e9but de cet \u00e9t\u00e9, Vianney s&rsquo;est lanc\u00e9 un sacr\u00e9 challenge: construire de ses propres mains un studio d&rsquo;enregistrement au milieu de la nature. Le chanteur voulait ainsi faire une pause dans sa carri\u00e8re et prendre du recul sur sa vie.\u00a0\u00abJe me donne quelques mois pour faire une cabane, seul et en silence. Puis cet hiver je m\u2019y enfermerai pour fabriquer de nouvelles chansons\u00bb, avait-il annonc\u00e9 sur Instagram. Son post avait fait des millions de vues et ses fans avaient \u00e9t\u00e9 nombreux \u00e0 le soutenir dans son projet.<\/p>\n<p>Qu&rsquo;en est-il alors sur l\u2019avanc\u00e9e des travaux?\u00a0Dimanche 31 ao\u00fbt 2025, l&rsquo;ancien coach de \u00abThe Voice\u00bb a donn\u00e9 des nouvelles \u00e0 ses abonn\u00e9s. Il vient de terminer une \u00e9tape particuli\u00e8rement difficile de la construction: l\u2019\u00e9cor\u00e7age des troncs d\u2019arbres. Et Vianney avoue qu&rsquo;il en a tellement bav\u00e9 que cela lui a donn\u00e9 des cauchemars: \u00abJ\u2019y ai pass\u00e9 des jours et des jours. La nuit, je r\u00eavais m\u00eame que je m&rsquo;\u00e9corchais, avant d\u2019\u00eatre r\u00e9veill\u00e9 par des douleurs que je ne connaissais pas auparavant: au dos, aux bras, aux mains\u00bb, \u00e9crit-il en l\u00e9gende de photos et de vid\u00e9os o\u00f9 on le voit en mode b\u00fbcheron, parfois maladroit. \u00abCette \u00e9tape \u00e9tait \u00e9norme et j\u2019esp\u00e9rais que mon physique n\u2019allait pas exploser avant la fin\u00bb, a-t-il ajout\u00e9.<\/p>\n<p>Son petit gar\u00e7on s&rsquo;impatiente<\/p>\n<p>Si ce gros d\u00e9fi a eu des cons\u00e9quences qu&rsquo;il n&rsquo;avait pas imagin\u00e9es, Vianney ne le regrette pas pour autant. En construisant cette cabane, le Fran\u00e7ais de 34 ans s&rsquo;est sans doute reconnect\u00e9 \u00e0 lui-m\u00eame et \u00e0 la nature. Cependant, si ses admirateurs ont h\u00e2te de voir son projet termin\u00e9, son petit gar\u00e7on s&rsquo;impatiente \u00e9galement. Dans son post Instagram, Vianney a partag\u00e9 une note vocale sur laquelle on entend son enfant lui dire: \u00abLa cabane, elle sera pr\u00eate quand je serai grand?\u00bb<\/p>\n<p>Tu nous suis d\u00e9j\u00e0 sur WhatsApp?<\/p>\n<p>Abonne-toi \u00e0 notre cha\u00eene, active la petite \ud83d\udd14 et tu recevras un <strong>r\u00e9cap de l&rsquo;actu<\/strong> chaque jour en <strong>d\u00e9but de soir\u00e9e<\/strong>.<\/p>\n","protected":false},"excerpt":{"rendered":"Publi\u00e93. septembre 2025, 21:36 Vianney: La construction de sa cabane en bois lui donne des cauchemars Vianney s&rsquo;est&hellip;\n","protected":false},"author":2,"featured_media":365253,"comment_status":"","ping_status":"","sticky":false,"template":"","format":"standard","meta":{"footnotes":""},"categories":[1359],"tags":[58,59,1011,27,973],"class_list":{"0":"post-365252","1":"post","2":"type-post","3":"status-publish","4":"format-standard","5":"has-post-thumbnail","7":"category-people","8":"tag-divertissement","9":"tag-entertainment","10":"tag-fr","11":"tag-france","12":"tag-people"},"share_on_mastodon":{"url":"https:\/\/pubeurope.com\/@fr\/115145107856198629","error":""},"_links":{"self":[{"href":"https:\/\/www.europesays.com\/fr\/wp-json\/wp\/v2\/posts\/365252","targetHints":{"allow":["GET"]}}],"collection":[{"href":"https:\/\/www.europesays.com\/fr\/wp-json\/wp\/v2\/posts"}],"about":[{"href":"https:\/\/www.europesays.com\/fr\/wp-json\/wp\/v2\/types\/post"}],"author":[{"embeddable":true,"href":"https:\/\/www.europesays.com\/fr\/wp-json\/wp\/v2\/users\/2"}],"replies":[{"embeddable":true,"href":"https:\/\/www.europesays.com\/fr\/wp-json\/wp\/v2\/comments?post=365252"}],"version-history":[{"count":0,"href":"https:\/\/www.europesays.com\/fr\/wp-json\/wp\/v2\/posts\/365252\/revisions"}],"wp:featuredmedia":[{"embeddable":true,"href":"https:\/\/www.europesays.com\/fr\/wp-json\/wp\/v2\/media\/365253"}],"wp:attachment":[{"href":"https:\/\/www.europesays.com\/fr\/wp-json\/wp\/v2\/media?parent=365252"}],"wp:term":[{"taxonomy":"category","embeddable":true,"href":"https:\/\/www.europesays.com\/fr\/wp-json\/wp\/v2\/categories?post=365252"},{"taxonomy":"post_tag","embeddable":true,"href":"https:\/\/www.europesays.com\/fr\/wp-json\/wp\/v2\/tags?post=365252"}],"curies":[{"name":"wp","href":"https:\/\/api.w.org\/{rel}","templated":true}]}}