{"id":365254,"date":"2025-09-04T08:34:13","date_gmt":"2025-09-04T08:34:13","guid":{"rendered":"https:\/\/www.europesays.com\/fr\/365254\/"},"modified":"2025-09-04T08:34:13","modified_gmt":"2025-09-04T08:34:13","slug":"limage-quand-blanche-neige-devient-fan-du-hac-sur-une-facade-au-havre","status":"publish","type":"post","link":"https:\/\/www.europesays.com\/fr\/365254\/","title":{"rendered":"L&rsquo;IMAGE. Quand Blanche-Neige devient fan du HAC sur une fa\u00e7ade au Havre"},"content":{"rendered":"<p>            Par<br \/>\n        <strong><br \/>\n            <a href=\"https:\/\/actu.fr\/auteur\/louise-boutard\" title=\"Consulter tous les articles de Louise Boutard\" target=\"_blank\" rel=\"noopener\">Louise Boutard<\/a><br \/>\n        <\/strong><\/p>\n<p>        Publi\u00e9 le<\/p>\n<p>            4 sept. 2025 \u00e0 7h52        <\/p>\n<p>C\u2019est une fa\u00e7on plut\u00f4t sympathique de masquer des travaux. \u00c0 la limite du quartier Saint-Vincent <a href=\"https:\/\/actu.fr\/normandie\/le-havre_76351\" target=\"_blank\" rel=\"noopener\">du\u00a0Havre<\/a> et de la ville de Sainte-Adresse, <strong>une b\u00e2che recouvrant les travaux<\/strong> sur un\u00a0b\u00e2timent depuis d\u00e9but septembre\u00a02025 a pris le visage d\u2019une <strong>Blanche-Neige, avec le symbole du HAC<\/strong>\u00a0sur la poitrine. Le clin d\u2019\u0153il d\u2019un artiste bien connu des Havrais.<\/p>\n<p>Blanche-Neige soutient le Hac<\/p>\n<p class=\" wall-content\">Cette image de Blanche-Neige avec un masque de graffeuse est la fa\u00e7ade du travail de<a href=\"https:\/\/actu.fr\/normandie\/le-havre_76351\/mario-yosemite-sam-au-havre-decouvrez-les-etonnantes-oeuvres-de-david-karsenty_58572667.html\" target=\"_blank\" rel=\"noopener\"> David Karsenty<\/a>. \u00ab\u2009C\u2019est toujours int\u00e9ressant de montrer son travail autre part que dans une galerie, l\u00e0 o\u00f9 l\u2019on n\u2019est pas attendu\u2009\u00bb, estime-t-il, \u00ab\u2009<strong>elle a fait le tour du monde<\/strong>. Les gens m\u2019envoient des photos de tous les pays\u2009\u00bb. D\u2019abord r\u00e9alis\u00e9e sur toile, elle s\u2019est d\u00e9clin\u00e9e sur bien des supports, jusqu\u2019aux stickers transportables.<\/p>\n<p>    <img   decoding=\"async\" loading=\"lazy\" src=\"https:\/\/www.europesays.com\/fr\/wp-content\/uploads\/2025\/09\/810a4866-71d0-4c37-9c3b-87a8312987d7-960x640.jpg\" alt=\"L'artiste David Karsenty a laiss\u00e9 sa trace sur bien des murs du Havre\" width=\"960\" height=\"640\"\/><br \/>\n    L\u2019artiste David Karsenty a laiss\u00e9 sa trace sur bien des murs du\u00a0Havre (\u00a9LB\/76actu)<\/p>\n<p class=\" wall-content\">Pour la (tr\u00e8s grande) version sur toile de b\u00e2che, elle arbore m\u00eame <a href=\"https:\/\/actu.fr\/normandie\/le-havre_76351\/football-qui-sont-ces-havrais-qui-jouent-en-ligue-1-mais-pas-ou-plus-au-hac_63091034.html\" target=\"_blank\" rel=\"noopener\">le logo du HAC<\/a>\u00a0sur son torse. Une fa\u00e7on de montrer <strong>son ancrage Havrais.<\/strong> \u00ab\u2009Ce sont mes racines Le\u00a0Havre, et comme je suis amateur de foot\u2026\u2009\u00bb, glisse l\u2019artiste.<\/p>\n<p class=\" wall-content\">La photo a d\u00e9j\u00e0 \u00e9t\u00e9 partag\u00e9e sur les r\u00e9seaux par des <strong>fans du club du\u00a0Havre.<\/strong> Ce qui ravit Karsenty. <strong>\u00ab\u2009L\u2019art, c\u2019est fait pour \u00eatre partag\u00e9\u2009\u00bb<\/strong>, affirme-t-il.<\/p>\n<p class=\" wall-content\">La grande b\u00e2che recouvre tout le c\u00f4t\u00e9 de ce b\u00e2timent<strong> rue d\u2019Epernon.<\/strong> Elle a \u00e9t\u00e9 orn\u00e9e \u00e0 l\u2019initiative de la SAS Lemetayer Batiment. Alors que l\u2019entreprise de taille de pierre doit travailler sur ce mur <strong>pendant 6 \u00e0 8 semaines,<\/strong> elle a collabor\u00e9 <a href=\"https:\/\/actu.fr\/normandie\/le-havre_76351\/jace-theutis-et-meme-banksy-les-grands-noms-du-street-art-exposent-au-havre_61166088.html\" target=\"_blank\" rel=\"noopener\">avec la galerie Hamon<\/a> pour proposer une \u0153uvre artistique.<\/p>\n<p class=\" wall-content\">Cette initiative avait d\u00e9j\u00e0 permis de montrer des Gouzous de Jace avenue Ren\u00e9-Coty en juillet 2024 ou encore des animaux de Teuthis sur le boulevard de Strasbourg en d\u00e9cembre. Cette fois, c\u2019est David Karsenty qui est mis \u00e0 l\u2019honneur. Le street artiste \u00ab\u2009100\u2009% havrais\u2009\u00bb travaille en collaboration avec la galerie Hamon depuis une vingtaine d\u2019ann\u00e9es.<\/p>\n<p>Votre r\u00e9gion, votre actu !<\/p>\n<p>Recevez chaque jour les infos qui comptent pour vous.<\/p>\n<p>\t<a href=\"https:\/\/actu.fr\/newsletter\" class=\"ac-btn ac-btn--corner ac-btn--medium ac-btn--blue800\" target=\"_blank\" rel=\"noopener\">S&rsquo;incrire<\/a><br \/>\nSuivez l\u2019actualit\u00e9 du\u00a0Havre sur <a href=\"https:\/\/www.whatsapp.com\/channel\/0029VaFqJYE8aKvLBwVrEe0o\" target=\"_blank\" rel=\"noopener\">notre cha\u00eene WhatsApp<\/a> et sur <a href=\"https:\/\/www.tiktok.com\/@76actu.fr?lang=fr\" target=\"_blank\" rel=\"noopener\">notre compte TikTok<\/a><\/p>\n<p class=\" wall-content\">Personnalisez votre actualit\u00e9 en ajoutant vos villes et m\u00e9dias en favori avec <a href=\"https:\/\/moncompte.actu.fr\" title=\"D\u00e9couvez Mon Actu\" rel=\"nofollow noopener\" data-trk=\"{&quot;cta&quot;:{&quot;action&quot;:&quot;https:\\\/\\\/moncompte.actu.fr&quot;,&quot;category&quot;:&quot;mon compte&quot;,&quot;from&quot;:&quot;article footer&quot;,&quot;name&quot;:&quot;Mon actu&quot;,&quot;type&quot;:&quot;cta&quot;}}\" target=\"_blank\">Mon Actu<\/a>.<\/p>\n<p>                    <script async src=\"\/\/www.tiktok.com\/embed.js\"><\/script><\/p>\n","protected":false},"excerpt":{"rendered":"Par Louise Boutard Publi\u00e9 le 4 sept. 2025 \u00e0 7h52 C\u2019est une fa\u00e7on plut\u00f4t sympathique de masquer des&hellip;\n","protected":false},"author":2,"featured_media":365255,"comment_status":"","ping_status":"","sticky":false,"template":"","format":"standard","meta":{"footnotes":""},"categories":[1358],"tags":[1348,1384,1385,1386,58,59,1011,27,22565,104,7189,2086],"class_list":{"0":"post-365254","1":"post","2":"type-post","3":"status-publish","4":"format-standard","5":"has-post-thumbnail","7":"category-arts-et-design","8":"tag-arts","9":"tag-arts-and-design","10":"tag-arts-et-design","11":"tag-design","12":"tag-divertissement","13":"tag-entertainment","14":"tag-fr","15":"tag-france","16":"tag-havre-ac-hac","17":"tag-societe","18":"tag-street-art","19":"tag-travaux"},"share_on_mastodon":{"url":"https:\/\/pubeurope.com\/@fr\/115145111485715585","error":""},"_links":{"self":[{"href":"https:\/\/www.europesays.com\/fr\/wp-json\/wp\/v2\/posts\/365254","targetHints":{"allow":["GET"]}}],"collection":[{"href":"https:\/\/www.europesays.com\/fr\/wp-json\/wp\/v2\/posts"}],"about":[{"href":"https:\/\/www.europesays.com\/fr\/wp-json\/wp\/v2\/types\/post"}],"author":[{"embeddable":true,"href":"https:\/\/www.europesays.com\/fr\/wp-json\/wp\/v2\/users\/2"}],"replies":[{"embeddable":true,"href":"https:\/\/www.europesays.com\/fr\/wp-json\/wp\/v2\/comments?post=365254"}],"version-history":[{"count":0,"href":"https:\/\/www.europesays.com\/fr\/wp-json\/wp\/v2\/posts\/365254\/revisions"}],"wp:featuredmedia":[{"embeddable":true,"href":"https:\/\/www.europesays.com\/fr\/wp-json\/wp\/v2\/media\/365255"}],"wp:attachment":[{"href":"https:\/\/www.europesays.com\/fr\/wp-json\/wp\/v2\/media?parent=365254"}],"wp:term":[{"taxonomy":"category","embeddable":true,"href":"https:\/\/www.europesays.com\/fr\/wp-json\/wp\/v2\/categories?post=365254"},{"taxonomy":"post_tag","embeddable":true,"href":"https:\/\/www.europesays.com\/fr\/wp-json\/wp\/v2\/tags?post=365254"}],"curies":[{"name":"wp","href":"https:\/\/api.w.org\/{rel}","templated":true}]}}