{"id":365258,"date":"2025-09-04T08:36:21","date_gmt":"2025-09-04T08:36:21","guid":{"rendered":"https:\/\/www.europesays.com\/fr\/365258\/"},"modified":"2025-09-04T08:36:21","modified_gmt":"2025-09-04T08:36:21","slug":"max-humilie-par-victoria-pret-a-claquer-la-porte-du-studio-tout-pour-la-lumiere-11-septembre-2025-episode-64-resume-complet-tp2l","status":"publish","type":"post","link":"https:\/\/www.europesays.com\/fr\/365258\/","title":{"rendered":"Max humili\u00e9 par Victoria : pr\u00eat \u00e0 claquer la porte du Studio ? &#8211; Tout pour la lumi\u00e8re 11 septembre 2025 (\u00e9pisode 64 &#8211; r\u00e9sum\u00e9 complet TP2L)"},"content":{"rendered":"<p><img fetchpriority=\"high\" decoding=\"async\" aria-describedby=\"caption-attachment-313571\" src=\"https:\/\/www.europesays.com\/fr\/wp-content\/uploads\/2025\/09\/max-victoria-tp2L.jpg\" alt=\"Max et Victoria en crise \/ TP2L\" width=\"1280\" height=\"720\" class=\"size-full wp-image-313571\"  \/><\/p>\n<p id=\"caption-attachment-313571\" class=\"wp-caption-text\">Max en plein doute apr\u00e8s les critiques de Victoria sur son cours de sport<\/p>\n<p>Tout ce qu\u2019il faut savoir sur l\u2019\u00e9pisode 64 de Tout pour la lumi\u00e8re du 11 septembre 2025 de TF1 et Netflix : tous les <strong>spoilers cl\u00e9s <\/strong>des intrigues du jour.<\/p>\n<p>Tout pour la lumi\u00e8re en avance : Ludovic et Justine le grand d\u00e9part ? <\/p>\n<p>Justine dit \u00e0 son mari : \u00ab\u00a0<strong>je suis en paix avec ce qu\u2019a fait Marina, mon p\u00e8re m\u00e9ritait ce qui s\u2019est pass\u00e9<\/strong>\u00ab\u00a0.<\/p>\n<p><img loading=\"lazy\" decoding=\"async\" aria-describedby=\"caption-attachment-313573\" src=\"data:image\/svg+xml,%3Csvg%20xmlns=\" http:=\"\" alt=\"justine tp2L \" width=\"1200\" height=\"623\" class=\"size-full wp-image-313573\" data-lazy- data-lazy- data-lazy-src=\"https:\/\/www.europesays.com\/fr\/wp-content\/uploads\/2025\/09\/tp2l-64a.jpg\"\/><\/p>\n<p id=\"caption-attachment-313573\" class=\"wp-caption-text\">Justine menace son mari s\u2019il d\u00e9nonce Marina<\/p>\n<p>Justine met en garde Ludovic s\u2019il d\u00e9nonce Marina, elle le quitte. <\/p>\n<p>Victoria propose \u00e0 passer au cours de Max pour \u00e9valuer si tout est ok. Victoria stresse un peu Max de juger ses cours d\u2019EPS. <\/p>\n<p><strong>Hadrien tente de bosser sur un nouveau son avec Julian <\/strong>: ils n\u2019ont m\u00eame pas un couplet. Julian se sent bloqu\u00e9, en plus c\u2019est Hadrien qui fait toute la m\u00e9lodie. <\/p>\n<p>Eden dit \u00e0 Marina :<strong> \u00ab\u00a0ce n\u2019est pas parce que je t\u2019aime pas que je te tiens \u00e0 distance\u00a0\u00bb<\/strong>. Eden est stress\u00e9 par la maladie de Marina, elle lui dit que quoiqu\u2019il d\u00e9cide, elle sera toujours de son c\u00f4t\u00e9 ! <\/p>\n<p>Elise r\u00e9p\u00e8te sa chanson avec Maddie au piano : Julian les rejoint, il fait la t\u00eate ! Les filles lui disent que m\u00eame s\u2019il a pas r\u00e9ussi, le point positif c\u2019est qu\u2019il n\u2019a pas bu. <\/p>\n<p>Justine rejoint au Com\u00e8te Florence et Marina pour leur dire que Ludovic veut la d\u00e9noncer. Il a un enregistrement des aveux qui peut suffire \u00e0 faire r\u00e9ouvrir l\u2019enqu\u00eate.<strong> Marina en a marre de se battre, Florence ne veut pas qu\u2019elle renonce<\/strong>\u2026 elle doit penser \u00e0 Eden.<\/p>\n<p><img loading=\"lazy\" decoding=\"async\" aria-describedby=\"caption-attachment-313575\" src=\"data:image\/svg+xml,%3Csvg%20xmlns=\" http:=\"\" alt=\"eden et marina tp2l\" width=\"1200\" height=\"655\" class=\"size-full wp-image-313575\" data-lazy- data-lazy- data-lazy-src=\"https:\/\/www.europesays.com\/fr\/wp-content\/uploads\/2025\/09\/tp2l-64b.jpg\"\/><\/p>\n<p id=\"caption-attachment-313575\" class=\"wp-caption-text\">Eden est un peu perdu avec Marina<\/p>\n<p>Victoria dit \u00e0 Max : <strong>\u00ab\u00a0ton cours n\u2019est pas adapt\u00e9 \u00e0 des chanteurs\u00a0\u00bb<\/strong>. Elle trouve qu\u2019il y a trop de cardio. Max est plut\u00f4t vex\u00e9 qu\u2019elle lui apprenne son boulot. Il tente de faire bonne figure. <\/p>\n<p>Eric dit \u00e0 Hadrien que la musique ne doit pas faire souffrir Julian, il n\u2019est pas oblig\u00e9 d\u2019\u00eatre chanteur. Il y a plein d\u2019autres solutions. <\/p>\n<p>Tout pour la lumi\u00e8re 11 septembre 2025 : Marina n\u2019ira pas en prison<br \/>\n<img loading=\"lazy\" decoding=\"async\" aria-describedby=\"caption-attachment-313577\" src=\"data:image\/svg+xml,%3Csvg%20xmlns=\" http:=\"\" alt=\"max et victoria tp2L \" width=\"1200\" height=\"643\" class=\"size-full wp-image-313577\" data-lazy- data-lazy- data-lazy-src=\"https:\/\/www.europesays.com\/fr\/wp-content\/uploads\/2025\/09\/tp2l-64C.jpg\"\/><\/p>\n<p id=\"caption-attachment-313577\" class=\"wp-caption-text\">Max est saoul\u00e9 des critiques de Victoria<\/p>\n<p>&#13;<br \/>\n<br \/><strong>Le face-\u00e0-face d\u00e9cisif<\/strong> arrive enfin. Marina donne rendez-vous \u00e0 Ludovic dans un dernier effort d\u00e9sesp\u00e9r\u00e9 pour <strong>emp\u00eacher l\u2019irr\u00e9parable<\/strong>. L\u2019enjeu ? Convaincre cet homme de ne pas porter plainte contre elle.<br \/>Dans <strong>un aveu bouleversant<\/strong>, Marina r\u00e9v\u00e8le avoir elle-m\u00eame port\u00e9 plainte contre Philippe autrefois\u2026 avant de <strong>tout retirer<\/strong>. Les souvenirs douloureux refont surface : <strong>la police s\u2019\u00e9tait moqu\u00e9e de ses accusations<\/strong>. Cette humiliation pass\u00e9e r\u00e9sonne douloureusement avec sa situation actuelle.<\/p>\n<p><strong>La v\u00e9rit\u00e9 la plus sombre<\/strong> \u00e9clate alors : Marina voulait mourir avec Philippe dans cette voiture fatidique. <strong>Le destin en a d\u00e9cid\u00e9 autrement<\/strong> \u2013 elle a surv\u00e9cu, portant depuis <strong>le poids de cette tentative rat\u00e9e<\/strong>. Face \u00e0 Ludovic, elle prononce des mots lourds de sens : <strong>maintenant, il peut faire ce qu\u2019il juge juste<\/strong>.<\/p>\n<p><img loading=\"lazy\" decoding=\"async\" aria-describedby=\"caption-attachment-313579\" src=\"data:image\/svg+xml,%3Csvg%20xmlns=\" http:=\"\" alt=\"hadrien tp2L \" width=\"1200\" height=\"647\" class=\"size-full wp-image-313579\" data-lazy- data-lazy- data-lazy-src=\"https:\/\/www.europesays.com\/fr\/wp-content\/uploads\/2025\/09\/tp2l-64d.jpg\"\/><\/p>\n<p id=\"caption-attachment-313579\" class=\"wp-caption-text\">Hadrien toujours l\u00e0 pour Julian<\/p>\n<p>Au Studio Lumi\u00e8re, <strong>Max traverse une crise profonde<\/strong>. Les critiques de Victoria l\u2019ont \u00e9branl\u00e9 au point qu\u2019il <strong>remet en question sa l\u00e9gitimit\u00e9<\/strong>. Peut-\u00eatre n\u2019est-il vraiment pas fait pour enseigner \u00e0 des artistes ? Sa confession \u00e0 Victoria r\u00e9sonne comme <strong>un aveu d\u2019\u00e9chec<\/strong> : il va r\u00e9fl\u00e9chir \u00e0 tout \u00e7a.<\/p>\n<p><strong>L\u2019amour trouve un nouveau chemin<\/strong> quand Hadrien propose une solution r\u00e9volutionnaire \u00e0 Julian : inverser les r\u00f4les. Hadrien deviendrait <strong>l\u2019interpr\u00e8te<\/strong>, Julian <strong>le compositeur<\/strong>. Cette proposition cache <strong>une d\u00e9claration d\u2019amour<\/strong> poignante : Hadrien ne supporte plus de voir Julian se torturer. <strong>\u00ab\u00a0Il veut juste qu\u2019il soit heureux\u00a0\u00bb<\/strong>, peu importe le r\u00f4le qu\u2019il choisira dans la musique.<\/p>\n<p><img loading=\"lazy\" decoding=\"async\" aria-describedby=\"caption-attachment-313581\" src=\"data:image\/svg+xml,%3Csvg%20xmlns=\" http:=\"\" alt=\"Marina et Ludovic \" width=\"1200\" height=\"639\" class=\"size-full wp-image-313581\" data-lazy- data-lazy- data-lazy-src=\"https:\/\/www.europesays.com\/fr\/wp-content\/uploads\/2025\/09\/tp2l-64de.jpg\"\/><\/p>\n<p id=\"caption-attachment-313581\" class=\"wp-caption-text\">Marina r\u00e9ussit \u00e0 convaincre Ludovic de ne rien faire<\/p>\n<p><strong>Le d\u00e9nouement arrive enfin<\/strong> : Ludovic supprime tous les documents compromettants. <strong>Marina \u00e9chappera aux poursuites<\/strong>, Justine peut enfin respirer. Cette d\u00e9cision marque <strong>un nouveau d\u00e9part<\/strong> pour le couple, mais Ludovic exprime <strong>un d\u00e9sir de fuite<\/strong> : recommencer \u00e0 z\u00e9ro, loin de La Ciotat, pour <strong>tourner d\u00e9finitivement la page<\/strong> de cette histoire qui les a tous marqu\u00e9s.<\/p>\n<p>Que pensez-vous du nouvel \u00e9pisode de Tout pour la lumi\u00e8re ? R\u00e9agissez en commentaire \ud83d\udcac ci-dessous. <\/p>\n<p style=\"font-size:18px; font-weight:bold; margin-bottom:10px; color:#002147;\">&#13;<br \/>\n    \ud83d\udc8c Abonnez-vous \u00e0 la newsletter Nouveaut\u00e9s T\u00e9l\u00e9 DNA &amp; ITC &#13;\n  <\/p>\n<p style=\"font-size:14px; margin-bottom:15px; color:#555;\">&#13;<br \/>\n    \ud83d\udce9 Soyez pr\u00e9venu par mail <strong>d\u00e8s la publication d&rsquo;un article Demain nous appartient et\/ou Ici tout commence <\/strong>.  &#13;<br \/>\n    \ud83d\udc49 Gratuit, et d\u00e9sinscription possible \u00e0 tout moment.&#13;\n  <\/p>\n<p>&#13;<br \/>\n&#13;<\/p>\n<p>\u00c0 suivre le <strong>r\u00e9sum\u00e9 complet Tout pour la lumi\u00e8re \u00e9pisode 65<\/strong> du 12 septembre 2025 sur TF1 \/ Netflix.<\/p>\n<p>Fan de Tout pour la lumi\u00e8re ? les s\u00e9ries \u00e0 ne pas manquer <\/p>\n<p>Si vous \u00eates accro \u00e0 Tout pour la lumi\u00e8re, voici les s\u00e9ries qui vont s\u00fbrement devenir vos prochains coups de c\u0153ur !<\/p>\n<p><a href=\"https:\/\/www.nouveautes-tele.com\/118986-nouveau-feuilleton-sur-tf1.html\" target=\"_blank\" rel=\"noopener\"><strong>Ici tout commence<\/strong><\/a> \u00e0 18h30, l\u2019univers culinaire de TF1 avec Benjamin Baroche ou encore le feuilleton <a href=\"https:\/\/www.nouveautes-tele.com\/62784-resume-demain-nous-appartient-tf1-en-avance-spoilers-devoiles.html\" target=\"_blank\" rel=\"noopener\"><strong>Demain nous appartient <\/strong><\/a> avec Ingrid Chauvin sur TF1 \u00e0 19H10. Quant \u00e0 <a href=\"https:\/\/www.nouveautes-tele.com\/86457-grand-soleil-le-guide-complet-du-feuilleton-france-2-rentree-2018.html\" target=\"_blank\" rel=\"noopener\"><strong>Un si grand soleil<\/strong><\/a>, il est diffus\u00e9 \u00e0 20h35 juste avant le prime-time sur France 3 tout comme <a href=\"https:\/\/www.nouveautes-tele.com\/288115-nouveau-jour-sur-m6-feuilleton.html\" target=\"_blank\" rel=\"noopener\"><strong>Nouveau jour<\/strong><\/a> sur M6 d\u00e8s le 30 juin. Enfin, pour les nostalgiques <a href=\"https:\/\/www.nouveautes-tele.com\/38439-plus-belle-la-vie-le-guide-des-resumes-et-spoilers.html\" target=\"_blank\" rel=\"noopener\"><strong>Plus belle la vie sur TF1<\/strong><\/a> \u00e0 13h50\u2026 et la vie est encore plus belle du lundi au vendredi. <\/p>\n<p>-&gt; N&rsquo;h\u00e9sitez pas \u00e0 nous suivre sur <a href=\"https:\/\/whatsapp.com\/channel\/0029Vaff4LEFcowCVHrXqx17\" target=\"_blank\" rel=\"noopener\"><strong>notre cha\u00eene WhatsApp<\/strong><\/a> pour ne rien manquer des derni\u00e8res actualit\u00e9s de Nouveaut\u00e9s-T\u00e9l\u00e9. &#13;<br \/>\n&#13;<\/p>\n<p>                          <img loading=\"lazy\" decoding=\"async\" width=\"512\" height=\"512\" src=\"data:image\/svg+xml,%3Csvg%20xmlns=\" http:=\"\" alt=\"Logo de Nouveaut\u00e9 t\u00e9l\u00e9\" data-lazy-src=\"https:\/\/www.europesays.com\/fr\/wp-content\/uploads\/2025\/06\/nt-logo.png\"\/><\/p>\n<p>\t\t\t  Isabelle Corteilles<\/p>\n<p>Titou, passionn\u00e9e de m\u00e9dias et incollable sur l\u2019actualit\u00e9 des s\u00e9ries t\u00e9l\u00e9. De la g\u00e9n\u00e9ration Dawson\u2019s Creek et Sous le Soleil, je navigue aujourd\u2019hui entre le Spoon de DNA, les marais salants d\u2019ITC, le Mistral de PBLV, le Com\u00e8te de TP2L, la Pe\u00f1a Loca de Nouveau Jour et les Sauvages d\u2019Un Si Grand Soleil, pour ne rien rater des derni\u00e8res intrigues et indiscr\u00e9tions.<\/p>\n","protected":false},"excerpt":{"rendered":"Max en plein doute apr\u00e8s les critiques de Victoria sur son cours de sport Tout ce qu\u2019il faut&hellip;\n","protected":false},"author":2,"featured_media":365259,"comment_status":"","ping_status":"","sticky":false,"template":"","format":"standard","meta":{"footnotes":""},"categories":[1356],"tags":[58,59,1011,27,252,1364],"class_list":{"0":"post-365258","1":"post","2":"type-post","3":"status-publish","4":"format-standard","5":"has-post-thumbnail","7":"category-television","8":"tag-divertissement","9":"tag-entertainment","10":"tag-fr","11":"tag-france","12":"tag-television","13":"tag-tv"},"share_on_mastodon":{"url":"https:\/\/pubeurope.com\/@fr\/115145119108452456","error":""},"_links":{"self":[{"href":"https:\/\/www.europesays.com\/fr\/wp-json\/wp\/v2\/posts\/365258","targetHints":{"allow":["GET"]}}],"collection":[{"href":"https:\/\/www.europesays.com\/fr\/wp-json\/wp\/v2\/posts"}],"about":[{"href":"https:\/\/www.europesays.com\/fr\/wp-json\/wp\/v2\/types\/post"}],"author":[{"embeddable":true,"href":"https:\/\/www.europesays.com\/fr\/wp-json\/wp\/v2\/users\/2"}],"replies":[{"embeddable":true,"href":"https:\/\/www.europesays.com\/fr\/wp-json\/wp\/v2\/comments?post=365258"}],"version-history":[{"count":0,"href":"https:\/\/www.europesays.com\/fr\/wp-json\/wp\/v2\/posts\/365258\/revisions"}],"wp:featuredmedia":[{"embeddable":true,"href":"https:\/\/www.europesays.com\/fr\/wp-json\/wp\/v2\/media\/365259"}],"wp:attachment":[{"href":"https:\/\/www.europesays.com\/fr\/wp-json\/wp\/v2\/media?parent=365258"}],"wp:term":[{"taxonomy":"category","embeddable":true,"href":"https:\/\/www.europesays.com\/fr\/wp-json\/wp\/v2\/categories?post=365258"},{"taxonomy":"post_tag","embeddable":true,"href":"https:\/\/www.europesays.com\/fr\/wp-json\/wp\/v2\/tags?post=365258"}],"curies":[{"name":"wp","href":"https:\/\/api.w.org\/{rel}","templated":true}]}}