{"id":365260,"date":"2025-09-04T08:37:11","date_gmt":"2025-09-04T08:37:11","guid":{"rendered":"https:\/\/www.europesays.com\/fr\/365260\/"},"modified":"2025-09-04T08:37:11","modified_gmt":"2025-09-04T08:37:11","slug":"vanessa-paradis-leve-le-voile-sur-son-nouvel-album-sur-rtl","status":"publish","type":"post","link":"https:\/\/www.europesays.com\/fr\/365260\/","title":{"rendered":"Vanessa Paradis l\u00e8ve le voile sur son nouvel album sur RTL"},"content":{"rendered":"<p class=\"article-p mdl\">Sept ans apr\u00e8s la sortie de son dernier disque, Vanessa Paradis signe son retour musical \u00e0 travers son album Le retour des beaux jours\u00a0qui arrivera le 10 octobre. Apr\u00e8s Serge Gainsbourg, Lenny Kravitz, Matthieu Chedid et Benjamin Biolay, la chanteuse a choisi de laisser \u00e0 la man\u0153uvre pour cet album un autre grand : <strong>Etienne Daho<\/strong>.\u00a0<\/p>\n<p class=\"article-p mdl\">\u00ab\u00a0<a class=\"link\" href=\"https:\/\/www.rtl.fr\/culture\/musique\/invite-rtl-rien-que-d-y-penser-j-ai-la-chair-de-poule-etienne-daho-se-confie-sur-son-concert-a-l-accor-arena-7900446578\" title=\"INVIT\u00c9 RTL - &quot;Rien que d&#039;y penser, j&#039;ai la chair de poule&quot;, \u00c9tienne Daho se confie sur son concert \u00e0 l&#039;Accor Arena\" target=\"_blank\" rel=\"noopener\">Etienne<\/a>, il n&rsquo;est pas l\u00e0 par hasard du tout\u00a0\u00bb, confie Vanessa Paradis au micro de RTL. \u00ab\u00a0On s&rsquo;est regard\u00e9s dans les yeux et on s&rsquo;est, je pense, aim\u00e9s tout de suite. <strong>Avant de se conna\u00eetre, on avait confiance l&rsquo;un en l&rsquo;autre<\/strong>. Depuis 30 ans qu&rsquo;on se conna\u00eet, on avait tant de choses \u00e0 se dire et \u00e0 dire sur ce disque\u00a0\u00bb, ajoute la chanteuse.\u00a0<\/p>\n<p class=\"article-p mdl\">\u00ab\u00a0C&rsquo;est quelqu&rsquo;un de si talentueux. Il y avait des fois o\u00f9 <strong>j&rsquo;avais presque l&rsquo;impression qu&rsquo;il savait mieux ce que je voulais que moi-m\u00eame<\/strong>. M\u00eame si je sais tr\u00e8s bien ce que je veux. Enfin, je sais tr\u00e8s bien ce que je ne veux pas plut\u00f4t\u00a0\u00bb, plaisante Vanessa Paradis. \u00ab\u00a0C&rsquo;est pour \u00e7a que c&rsquo;\u00e9tait le r\u00eave de faire cette musique ensemble, c&rsquo;\u00e9tait le moment.\u00a0\u00bb<\/p>\n<p class=\"article-p mdl\">C&rsquo;est \u00e0 travers le single Bouquet final que la chanteuse a annonc\u00e9 son nouvel album. Une chanson de rupture au milieu des multiples d\u00e9clarations d&rsquo;amour que l&rsquo;on pourra retrouver dans son album, disponible d\u00e8s le 10 octobre.<\/p>\n<\/p>\n<p>    La r\u00e9daction vous recommande<\/p>\n<p class=\"s-newsletter__title\">\n                L\u2019actualit\u00e9 par la r\u00e9daction de RTL dans votre bo\u00eete mail.\n            <\/p>\n<p class=\"s-newsletter__subtitle\">\n                Gr\u00e2ce \u00e0 votre compte RTL abonnez-vous \u00e0 la newsletter RTL info pour suivre toute l&rsquo;actualit\u00e9 au quotidien\n            <\/p>\n<p>\n                                    Lire la suite\n                                <\/p>\n","protected":false},"excerpt":{"rendered":"Sept ans apr\u00e8s la sortie de son dernier disque, Vanessa Paradis signe son retour musical \u00e0 travers son&hellip;\n","protected":false},"author":2,"featured_media":365261,"comment_status":"","ping_status":"","sticky":false,"template":"","format":"standard","meta":{"footnotes":""},"categories":[1355],"tags":[1692,1695,58,59,26021,2414,107,1011,27,1361,873,10245],"class_list":{"0":"post-365260","1":"post","2":"type-post","3":"status-publish","4":"format-standard","5":"has-post-thumbnail","7":"category-musique","8":"tag-album","9":"tag-chanson","10":"tag-divertissement","11":"tag-entertainment","12":"tag-etienne-daho","13":"tag-fil-culture","14":"tag-fil-info","15":"tag-fr","16":"tag-france","17":"tag-music","18":"tag-musique","19":"tag-vanessa-paradis"},"share_on_mastodon":{"url":"https:\/\/pubeurope.com\/@fr\/115145123116647788","error":""},"_links":{"self":[{"href":"https:\/\/www.europesays.com\/fr\/wp-json\/wp\/v2\/posts\/365260","targetHints":{"allow":["GET"]}}],"collection":[{"href":"https:\/\/www.europesays.com\/fr\/wp-json\/wp\/v2\/posts"}],"about":[{"href":"https:\/\/www.europesays.com\/fr\/wp-json\/wp\/v2\/types\/post"}],"author":[{"embeddable":true,"href":"https:\/\/www.europesays.com\/fr\/wp-json\/wp\/v2\/users\/2"}],"replies":[{"embeddable":true,"href":"https:\/\/www.europesays.com\/fr\/wp-json\/wp\/v2\/comments?post=365260"}],"version-history":[{"count":0,"href":"https:\/\/www.europesays.com\/fr\/wp-json\/wp\/v2\/posts\/365260\/revisions"}],"wp:featuredmedia":[{"embeddable":true,"href":"https:\/\/www.europesays.com\/fr\/wp-json\/wp\/v2\/media\/365261"}],"wp:attachment":[{"href":"https:\/\/www.europesays.com\/fr\/wp-json\/wp\/v2\/media?parent=365260"}],"wp:term":[{"taxonomy":"category","embeddable":true,"href":"https:\/\/www.europesays.com\/fr\/wp-json\/wp\/v2\/categories?post=365260"},{"taxonomy":"post_tag","embeddable":true,"href":"https:\/\/www.europesays.com\/fr\/wp-json\/wp\/v2\/tags?post=365260"}],"curies":[{"name":"wp","href":"https:\/\/api.w.org\/{rel}","templated":true}]}}