{"id":365262,"date":"2025-09-04T08:38:11","date_gmt":"2025-09-04T08:38:11","guid":{"rendered":"https:\/\/www.europesays.com\/fr\/365262\/"},"modified":"2025-09-04T08:38:11","modified_gmt":"2025-09-04T08:38:11","slug":"lhomme-de-demain-a-deja-une-date-de-sortie-et-sait-de-quoi-parlera-le-film-de-james-gunn","status":"publish","type":"post","link":"https:\/\/www.europesays.com\/fr\/365262\/","title":{"rendered":"L\u2019homme de demain\u00a0\u00bb a d\u00e9j\u00e0 une date de sortie et sait de quoi parlera le film de James Gunn"},"content":{"rendered":"<p>        <img decoding=\"async\" loading=\"lazy\" src=\"https:\/\/www.europesays.com\/fr\/wp-content\/uploads\/2025\/09\/fe46691_upload-1-g7kasoz3tx3g-sn-superman2025-01b-home-1.jpg\"  width=\"728\" height=\"409\" alt=\"Nicholas Hoult et David Corenswet seront bient\u00f4t de retour \u00e0 l\u2019\u00e9cran dans la peau de Lex Luthor et Superman.\"\/>  <\/p>\n<p>Warner Bros. Entertainment. All Rights Reserved. TM &amp; \u00a9 DC<\/p>\n<p>Nicholas Hoult et David Corenswet seront bient\u00f4t de retour \u00e0 l\u2019\u00e9cran dans la peau de Lex Luthor et Superman.<\/p>\n<p class=\"asset asset-text\">CIN\u00c9MA &#8211; Un projet qui avance \u00e0 une vitesse aussi incroyable que celle du super-h\u00e9ros \u00e0 la cape rouge. \u00c0 peine un mois apr\u00e8s la sortie de son Superman au cin\u00e9ma en juillet dernier, <a href=\"https:\/\/www.huffingtonpost.fr\/culture\/article\/superman-un-mois-apres-la-sortie-du-film-au-cinema-james-gunn-a-deja-fini-d-ecrire-la-suite_253681.html\" rel=\"nofollow noopener\" target=\"_blank\">James Gunn<\/a> avait annonc\u00e9 avoir d\u00e9j\u00e0 fini d\u2019\u00e9crire la suite. Le r\u00e9alisateur et nouveau patron de <a href=\"https:\/\/www.huffingtonpost.fr\/culture\/video\/superman-et-les-4-fantastiques-se-livrent-une-bataille-au-cinema-tout-comme-leurs-studios-clx1_252235.html\" rel=\"nofollow noopener\" target=\"_blank\">DC studios<\/a> vient de r\u00e9v\u00e9ler le titre, et sa date de sortie.<\/p>\n<p class=\"asset asset-text\">Le deuxi\u00e8me volet de la saga avec David Corenswet\u00a0en <a href=\"https:\/\/www.huffingtonpost.fr\/culture\/article\/le-nouveau-superman-cartonne-au-box-office-nord-americain-et-ca-ne-va-pas-plaire-aux-trumpistes_252610.html\" rel=\"nofollow noopener\" target=\"_blank\">Superman<\/a> s\u2019intitulera Man of Tomorrow, ou L\u2019homme de demain en fran\u00e7ais. Et les fans de DC n\u2019ont plus si longtemps \u00e0 attendre puisque le film sortira le 9\u00a0juillet\u00a02027, soit dans moins de deux ans. Il s\u2019agit de la date am\u00e9ricaine, mais comme souvent avec nos sorties cin\u00e9ma le mercredi, les Fran\u00e7ais devraient voir la suite en salles d\u00e8s le 7\u00a0juillet.<\/p>\n<p class=\"asset asset-text\"><a href=\"https:\/\/www.huffingtonpost.fr\/culture\/article\/james-gunn-a-creuse-l-histoire-de-superman-pour-justifier-cette-incoherence-dans-son-film_252043.html\" rel=\"nofollow noopener\" target=\"_blank\">James Gunn<\/a> a sobrement annonc\u00e9 ces informations sur les r\u00e9seaux sociaux, avec un dessin de Jim Lee. On y voit l\u2019Homme d\u2019acier accoud\u00e9 \u00e0 son ennemi Lex Luthor. Ce dernier porte une \u00e9norme armure verte et ne rend franchement pas son sourire \u00e0 Superman. Dans la BD, le m\u00e9chant cr\u00e9e un costume capable de rivaliser avec la force et les capacit\u00e9s du superh\u00e9ros pour tenter de le vaincre.<\/p>\n<p> La lecture de ce contenu est susceptible d\u2019entra\u00eener un d\u00e9p\u00f4t de cookies de la part de l\u2019op\u00e9rateur tiers qui l\u2019h\u00e9berge. Compte-tenu des choix que vous avez exprim\u00e9s en mati\u00e8re de d\u00e9p\u00f4t de cookies, nous avons bloqu\u00e9 l\u2019affichage de ce contenu. Si vous souhaitez y acc\u00e9der, vous devez accepter la cat\u00e9gorie de cookies \u201cContenus tiers\u201d en cliquant sur le bouton ci-dessous. <\/p>\n<p> Lire la Vid\u00e9o        <\/p>\n<p class=\"asset asset-text\">L\u2019acteur britannique <a href=\"https:\/\/www.huffingtonpost.fr\/culture\/article\/the-great-clap-de-fin-surprenant-pour-la-serie-avec-elle-fanning-et-nicholas-hoult_222446.html\" rel=\"nofollow noopener\" target=\"_blank\">Nicholas Hoult<\/a> reprendra son r\u00f4le du m\u00e9chant aux c\u00f4t\u00e9s de David Corenswet. Les deux stars ont partag\u00e9 le m\u00eame message d\u2019annonce que le r\u00e9alisateur sur leurs r\u00e9seaux, mais avec chacun une illustration diff\u00e9rente\u00a0de leurs personnages en pleine action. Elles ont \u00e9t\u00e9 dessin\u00e9es par deux autres artistes de DC Comics, Mitch Gerads et Jorje Jimenez. James Gun a comment\u00e9 \u00ab\u00a0\u00e0 bient\u00f4t sur le plateau\u00a0\u00bb sur Instagram, pr\u00e9sageant du d\u00e9but de tournage imminent.<\/p>\n<p class=\"asset asset-text\">Dans le film sorti cet \u00e9t\u00e9, Lex Luthor essayait de vaincre Superman \u00e0 l\u2019aide d\u2019un clone reproduisant ses capacit\u00e9s anormales, mais sans succ\u00e8s. La suite devrait donc donner lieu \u00e0 un face-\u00e0-face entre les deux hommes. Et \u00e0 un nouveau carton mondial au box-office. R\u00e9ponse en juillet\u00a02027.<\/p>\n","protected":false},"excerpt":{"rendered":"Warner Bros. Entertainment. All Rights Reserved. TM &amp; \u00a9 DC Nicholas Hoult et David Corenswet seront bient\u00f4t de&hellip;\n","protected":false},"author":2,"featured_media":365263,"comment_status":"","ping_status":"","sticky":false,"template":"","format":"standard","meta":{"footnotes":""},"categories":[1354],"tags":[41036,650,251,11960,58,59,1346,1011,27,1360,2133],"class_list":{"0":"post-365262","1":"post","2":"type-post","3":"status-publish","4":"format-standard","5":"has-post-thumbnail","7":"category-films","8":"tag-blockbuster","9":"tag-cinema","10":"tag-culture","11":"tag-dc-comics","12":"tag-divertissement","13":"tag-entertainment","14":"tag-films","15":"tag-fr","16":"tag-france","17":"tag-movies","18":"tag-superman"},"share_on_mastodon":{"url":"https:\/\/pubeurope.com\/@fr\/115145126998885633","error":""},"_links":{"self":[{"href":"https:\/\/www.europesays.com\/fr\/wp-json\/wp\/v2\/posts\/365262","targetHints":{"allow":["GET"]}}],"collection":[{"href":"https:\/\/www.europesays.com\/fr\/wp-json\/wp\/v2\/posts"}],"about":[{"href":"https:\/\/www.europesays.com\/fr\/wp-json\/wp\/v2\/types\/post"}],"author":[{"embeddable":true,"href":"https:\/\/www.europesays.com\/fr\/wp-json\/wp\/v2\/users\/2"}],"replies":[{"embeddable":true,"href":"https:\/\/www.europesays.com\/fr\/wp-json\/wp\/v2\/comments?post=365262"}],"version-history":[{"count":0,"href":"https:\/\/www.europesays.com\/fr\/wp-json\/wp\/v2\/posts\/365262\/revisions"}],"wp:featuredmedia":[{"embeddable":true,"href":"https:\/\/www.europesays.com\/fr\/wp-json\/wp\/v2\/media\/365263"}],"wp:attachment":[{"href":"https:\/\/www.europesays.com\/fr\/wp-json\/wp\/v2\/media?parent=365262"}],"wp:term":[{"taxonomy":"category","embeddable":true,"href":"https:\/\/www.europesays.com\/fr\/wp-json\/wp\/v2\/categories?post=365262"},{"taxonomy":"post_tag","embeddable":true,"href":"https:\/\/www.europesays.com\/fr\/wp-json\/wp\/v2\/tags?post=365262"}],"curies":[{"name":"wp","href":"https:\/\/api.w.org\/{rel}","templated":true}]}}