{"id":365264,"date":"2025-09-04T08:39:10","date_gmt":"2025-09-04T08:39:10","guid":{"rendered":"https:\/\/www.europesays.com\/fr\/365264\/"},"modified":"2025-09-04T08:39:10","modified_gmt":"2025-09-04T08:39:10","slug":"des-scientifiques-trouvent-un-remede-simplissime-contre-le-mal-des-transports","status":"publish","type":"post","link":"https:\/\/www.europesays.com\/fr\/365264\/","title":{"rendered":"Des scientifiques trouvent un rem\u00e8de simplissime contre le mal des transports"},"content":{"rendered":"<p>Le mal des transports est une plaie bien connue de nombreux voyageurs, qu\u2019ils soient coinc\u00e9s \u00e0 l\u2019arri\u00e8re d\u2019une voiture ou ballot\u00e9s sur un bateau. Mais il touche aussi un autre public\u00a0: les joueurs. En r\u00e9alit\u00e9 virtuelle notamment, la cin\u00e9tose, ce d\u00e9calage entre ce que l\u2019\u0153il per\u00e7oit et ce que le corps ressent, g\u00e2che encore l\u2019exp\u00e9rience de beaucoup de personnes. Et jusqu\u2019ici, les solutions propos\u00e9es comme les m\u00e9dicaments anti-naus\u00e9e s\u2019accompagnaient souvent d\u2019effets ind\u00e9sirables tels que la somnolence, un \u00e9tat difficilement compatible avec une partie de Beat Saber ou une session marathon de Half-Life\u00a0: Alyx.<\/p>\n<p>Une \u00e9tude men\u00e9e par Qizong Yue et son \u00e9quipe de l\u2019Universit\u00e9 Southwest en Chine, publi\u00e9e dans Frontiers in Human Neuroscience, apporte une piste inattendue \u00e0 travers la musique. Les chercheurs ont volontairement provoqu\u00e9 le mal des transports \u00e0 l\u2019aide d\u2019un simulateur de conduite, puis soumis les participants \u00e0 diff\u00e9rents types de musique pendant la phase de r\u00e9cup\u00e9ration. R\u00e9sultat, les musiques joyeuses<strong> r\u00e9duisent les sympt\u00f4mes de 57,3\u00a0%<\/strong> et les musiques douces de 56,7\u00a0%, bien mieux que le simple silence. \u00c0 l\u2019inverse, \u00e9couter de la musique triste semblait <strong>empirer la sensation de malaise<\/strong>.<\/p>\n<p> Un rem\u00e8de applicable \u00e0 la r\u00e9alit\u00e9 virtuelle\u00a0? <\/p>\n<p>Cette d\u00e9couverte peut sembler anecdotique, mais ses applications pourraient \u00eatre immenses. Dans le jeu vid\u00e9o, et surtout en <a href=\"https:\/\/www.journaldugeek.com\/2024\/12\/12\/asterix-mission-potions-en-realite-virtuelle-lexperience-immersive-qui-ravira-les-irreductibles\/\" rel=\"nofollow noopener\" target=\"_blank\">r\u00e9alit\u00e9 virtuelle<\/a>, la cin\u00e9tose reste l\u2019un des freins majeurs \u00e0 une adoption plus large. Si une simple playlist adapt\u00e9e pouvait rendre l\u2019immersion plus confortable, cela changerait la donne pour de nombreux joueurs. Imaginez un casque VR capable de d\u00e9tecter les premiers signes de naus\u00e9e et de lancer automatiquement un fond musical calibr\u00e9 pour apaiser le cerveau. Cela serait un pas de plus vers une exp\u00e9rience r\u00e9ellement accessible \u00e0 tous.<\/p>\n<p>Mais les b\u00e9n\u00e9fices ne s\u2019arr\u00eatent pas au jeu vid\u00e9o. Le cin\u00e9ma immersif, les simulateurs de vol ou encore les exp\u00e9riences en parcs d\u2019attractions pourraient eux aussi int\u00e9grer ce type de solution. M\u00eame dans les environnements professionnels comme les formations en r\u00e9alit\u00e9 augment\u00e9e, les simulateurs militaires ou m\u00e9dicaux, un tel proc\u00e9d\u00e9 pourrait r\u00e9duire la fatigue et accro\u00eetre l\u2019efficacit\u00e9 des utilisateurs.<\/p>\n<p>Le lien entre musique, cerveau et confort sensoriel est encore en cours d\u2019exploration, mais il r\u00e9v\u00e8le \u00e0 quel point les industries culturelles et technologiques s\u2019entrecroisent. La pop culture a depuis longtemps int\u00e9gr\u00e9 la musique comme \u00e9l\u00e9ment central de l\u2019exp\u00e9rience, qu\u2019il s\u2019agisse de jeux rythmiques, de concerts virtuels dans Fortnite ou des bandes-son cultes qui contribuent \u00e0 notre m\u00e9moire de joueur. Qu\u2019elle devienne aussi une aide m\u00e9dicale et ergonomique pour profiter de la VR ou des voyages num\u00e9riques ouvre une perspective nouvelle et encourageante.<\/p>\n<blockquote>\n<p class=\"text-base text-neutral-700 dark:text-neutral-300\">\ud83d\udfe3 Pour ne manquer aucune news sur le Journal du Geek, abonnez-vous sur <a href=\"https:\/\/news.google.com\/publications\/CAAqBwgKMNr_hAswwYyCAw?hl=fr&amp;gl=FR&amp;ceid=FR%3Afr\" target=\"_blank\" rel=\"nofollow noopener\">Google Actualit\u00e9s<\/a> et sur <a href=\"https:\/\/whatsapp.com\/channel\/0029VaClM5y4tRry12tb7D2h\" target=\"_blank\" rel=\"nofollow noopener\">notre WhatsApp<\/a>. Et si vous nous adorez, on a <a href=\"https:\/\/www.journaldugeek.com\/newsletter\/\" target=\"_blank\" rel=\"nofollow noopener\">une newsletter tous les matins<\/a>.<\/p>\n<\/blockquote>\n","protected":false},"excerpt":{"rendered":"Le mal des transports est une plaie bien connue de nombreux voyageurs, qu\u2019ils soient coinc\u00e9s \u00e0 l\u2019arri\u00e8re d\u2019une&hellip;\n","protected":false},"author":2,"featured_media":365265,"comment_status":"","ping_status":"","sticky":false,"template":"","format":"standard","meta":{"footnotes":""},"categories":[10],"tags":[1011,27,72,49969,71],"class_list":{"0":"post-365264","1":"post","2":"type-post","3":"status-publish","4":"format-standard","5":"has-post-thumbnail","7":"category-sante","8":"tag-fr","9":"tag-france","10":"tag-health","11":"tag-mal-des-transports","12":"tag-sante"},"share_on_mastodon":{"url":"https:\/\/pubeurope.com\/@fr\/115145130904849423","error":""},"_links":{"self":[{"href":"https:\/\/www.europesays.com\/fr\/wp-json\/wp\/v2\/posts\/365264","targetHints":{"allow":["GET"]}}],"collection":[{"href":"https:\/\/www.europesays.com\/fr\/wp-json\/wp\/v2\/posts"}],"about":[{"href":"https:\/\/www.europesays.com\/fr\/wp-json\/wp\/v2\/types\/post"}],"author":[{"embeddable":true,"href":"https:\/\/www.europesays.com\/fr\/wp-json\/wp\/v2\/users\/2"}],"replies":[{"embeddable":true,"href":"https:\/\/www.europesays.com\/fr\/wp-json\/wp\/v2\/comments?post=365264"}],"version-history":[{"count":0,"href":"https:\/\/www.europesays.com\/fr\/wp-json\/wp\/v2\/posts\/365264\/revisions"}],"wp:featuredmedia":[{"embeddable":true,"href":"https:\/\/www.europesays.com\/fr\/wp-json\/wp\/v2\/media\/365265"}],"wp:attachment":[{"href":"https:\/\/www.europesays.com\/fr\/wp-json\/wp\/v2\/media?parent=365264"}],"wp:term":[{"taxonomy":"category","embeddable":true,"href":"https:\/\/www.europesays.com\/fr\/wp-json\/wp\/v2\/categories?post=365264"},{"taxonomy":"post_tag","embeddable":true,"href":"https:\/\/www.europesays.com\/fr\/wp-json\/wp\/v2\/tags?post=365264"}],"curies":[{"name":"wp","href":"https:\/\/api.w.org\/{rel}","templated":true}]}}