{"id":365270,"date":"2025-09-04T08:42:10","date_gmt":"2025-09-04T08:42:10","guid":{"rendered":"https:\/\/www.europesays.com\/fr\/365270\/"},"modified":"2025-09-04T08:42:10","modified_gmt":"2025-09-04T08:42:10","slug":"plus-fine-chargee-en-cinq-minutes-la-montre-a-aiguilles-vit-elle-sa-revolution-grace-a-cette-invention-francaise","status":"publish","type":"post","link":"https:\/\/www.europesays.com\/fr\/365270\/","title":{"rendered":"Plus fine, charg\u00e9e en cinq minutes\u2026 La montre \u00e0 aiguilles vit-elle sa \u00ab\u00a0r\u00e9volution\u00a0\u00bb gr\u00e2ce \u00e0 cette invention fran\u00e7aise\u00a0?"},"content":{"rendered":"<p>Les huit nouveaux champions du monde de <a href=\"https:\/\/www.20minutes.fr\/sport\/badminton\/\" class=\"c-link c-link--is-underlined\" rel=\"nofollow noopener\" target=\"_blank\">badminton<\/a> sont repartis de Paris avec une m\u00e9daille et\u2026 une montre chronographe. Pas n\u2019importe laquelle\u00a0: une \u00e9dition limit\u00e9e de \u00ab\u00a0The Time changer\u00a0\u00bb, cr\u00e9\u00e9e par l\u2019entreprise fran\u00e7aise Silmach. Prix de vente de ce pr\u00e9cieux objet\u00a0: un peu moins de 2.000 euros.<\/p>\n<p>Au-del\u00e0 de son co\u00fbt, c\u2019est bien sa technologie qui est remarquable. A l\u2019int\u00e9rieur, plus aucun rouage m\u00e9canique, c\u2019est d\u00e9sormais un micromoteur \u00e9lectronique qui fait tourner les aiguilles. Une premi\u00e8re mondiale. \u00ab\u00a0Jusqu\u2019ici, c\u2019\u00e9tait \u00e9lectromagn\u00e9tique\u00a0\u00bb, pr\u00e9cise Pierre-Fran\u00e7ois Louvign\u00e9, le directeur g\u00e9n\u00e9ral de cette entreprise de 25 salari\u00e9s implant\u00e9e \u00e0 <a href=\"https:\/\/www.20minutes.fr\/societe\/besancon\/\" class=\"c-link c-link--is-underlined\" rel=\"nofollow noopener\" target=\"_blank\">Besan\u00e7on<\/a>, en plein c\u0153ur du bassin historique de l\u2019horlogerie.<\/p>\n<\/p>\n<p>Il a fallu \u00ab\u00a0plus de vingt ans de mises au point techniques et de recherches\u00a0\u00bb pour en arriver \u00e0 la naissance de cette innovation. Elle avait d\u00e9j\u00e0 \u00e9t\u00e9 r\u00e9compens\u00e9e du prix \u00ab\u00a0Best Innovation Award\u00a0\u00bb au c\u00e9l\u00e8bre Consumers electronic show (CES) de <a href=\"https:\/\/www.20minutes.fr\/dossier\/las_vegas\" class=\"c-link c-link--is-underlined\" rel=\"nofollow noopener\" target=\"_blank\">Las Vegas<\/a> en janvier\u00a02024. Et plus d\u2019un an plus tard, elle a \u00e9t\u00e9 incluse dans une montre afin de montrer ses avantages.<\/p>\n<p>\u00ab\u00a0Notre micromoteur (dit \u00a0\u00bbMEMS\u00a0\u00bb) est deux fois plus petit, en dessous du millim\u00e8tre. \u00c7a va permettre de cr\u00e9er des montres plus fines et, m\u00eame si ce n\u2019est pas toujours un argument commercial, plus l\u00e9g\u00e8res\u00a0\u00bb, reprend l\u2019entrepreneur. \u00ab\u00a0Ensuite, il consomme 25\u00a0% de moins d\u2019\u00e9nergie, ce qui permet de gagner en autonomie. Et pas besoin de lubrifiant ni de maintenance.\u00a0\u00bb<\/p>\n<p>\u00ab\u00a0Une totale r\u00e9volution\u00a0\u00bb<\/p>\n<p>Enfin, cette nouveaut\u00e9 peut \u00eatre directement int\u00e9gr\u00e9e aux cartes \u00e9lectroniques des montres. \u00ab\u00a0L\u00e0 o\u00f9 les micromoteurs \u00e9lectromagn\u00e9tiques devaient \u00eatre viss\u00e9s par des petites mains, on va pouvoir les souder car c\u2019est en silicium, la mati\u00e8re premi\u00e8re de l\u2019\u00e9lectronique. C\u2019est une totale r\u00e9volution\u00a0\u00bb, insiste le dirigeant, qui croit maintenant beaucoup en une utilisation \u00e0 grande \u00e9chelle de sa technologie.<\/p>\n<p>Quand\u00a0? Comment\u00a0? La premi\u00e8re \u00e9tape a d\u00e9j\u00e0 \u00e9t\u00e9 franchie avec cette fameuse \u00ab\u00a0The Time changer\u00a0\u00bb, produites \u00e0 \u00ab\u00a0quelques centaines\u00a0\u00bb d\u2019exemplaires. La suivante viendra de l\u2019ext\u00e9rieur. \u00ab\u00a0Nous discutons beaucoup avec des fabricants de montres grand public et le d\u00e9clencheur viendra d\u2019eux. Quand ils d\u00e9cideront d\u2019int\u00e9grer notre micromoteur \u00e0 une de leur gamme. Ce n\u2019est pas plus cher. Nos micromoteurs font partie de la m\u00eame industrie que les composants \u00e9lectroniques, donc les co\u00fbts de productions diminuent nettement avec les volumes\u00a0\u00bb, ajoute Pierre-Fran\u00e7ois Louvign\u00e9, qui vise d\u2019autres march\u00e9s.<\/p>\n<p><a href=\"https:\/\/www.20minutes.fr\/high-tech\/\" class=\"c-link c-btn c-btn--primary\" rel=\"nofollow noopener\" target=\"_blank\">Nos derniers articles High-Tech<\/a><\/p>\n<p>Le luxe en particulier. \u00ab\u00a0Avec nos micromoteurs, il sera possible de recharger, via une microbatterie, sa montre par induction, comme on le fait d\u00e9j\u00e0 avec les t\u00e9l\u00e9phones. Cinq minutes pourraient suffire pour deux mois d\u2019utilisation. \u00c7a, \u00e7a int\u00e9resse tout le monde et en particulier ceux qui ont beaucoup de montres\u00a0!\u00a0\u00bb, d\u00e9taille encore le natif de <a href=\"https:\/\/www.20minutes.fr\/societe\/pau\/\" class=\"c-link c-link--is-underlined\" rel=\"nofollow noopener\" target=\"_blank\">Pau<\/a>, 60 ans. Il soul\u00e8ve une derni\u00e8re sp\u00e9cificit\u00e9 de son produit\u00a0: \u00ab\u00a0nous n\u2019utilisons pas de terres rares ni de m\u00e9taux dangereux, c\u2019est important.\u00a0\u00bb L\u2019avenir des montres se joue peut-\u00eatre aussi l\u00e0.<\/p>\n","protected":false},"excerpt":{"rendered":"Les huit nouveaux champions du monde de badminton sont repartis de Paris avec une m\u00e9daille et\u2026 une montre&hellip;\n","protected":false},"author":2,"featured_media":365271,"comment_status":"","ping_status":"","sticky":false,"template":"","format":"standard","meta":{"footnotes":""},"categories":[7],"tags":[10112,2718,8026,33,1011,27,3672,142,15422,22478,43,40,41,39,42,44],"class_list":{"0":"post-365270","1":"post","2":"type-post","3":"status-publish","4":"format-standard","5":"has-post-thumbnail","7":"category-sciences-et-technologies","8":"tag-besancon","9":"tag-bourgogne-franche-comte","10":"tag-doubs","11":"tag-economie","12":"tag-fr","13":"tag-france","14":"tag-franche-comte","15":"tag-high-tech","16":"tag-montre","17":"tag-montre-connectee","18":"tag-science","19":"tag-science-and-technology","20":"tag-sciences","21":"tag-sciences-et-technologies","22":"tag-technologies","23":"tag-technology"},"share_on_mastodon":{"url":"https:\/\/pubeurope.com\/@fr\/115145142636391697","error":""},"_links":{"self":[{"href":"https:\/\/www.europesays.com\/fr\/wp-json\/wp\/v2\/posts\/365270","targetHints":{"allow":["GET"]}}],"collection":[{"href":"https:\/\/www.europesays.com\/fr\/wp-json\/wp\/v2\/posts"}],"about":[{"href":"https:\/\/www.europesays.com\/fr\/wp-json\/wp\/v2\/types\/post"}],"author":[{"embeddable":true,"href":"https:\/\/www.europesays.com\/fr\/wp-json\/wp\/v2\/users\/2"}],"replies":[{"embeddable":true,"href":"https:\/\/www.europesays.com\/fr\/wp-json\/wp\/v2\/comments?post=365270"}],"version-history":[{"count":0,"href":"https:\/\/www.europesays.com\/fr\/wp-json\/wp\/v2\/posts\/365270\/revisions"}],"wp:featuredmedia":[{"embeddable":true,"href":"https:\/\/www.europesays.com\/fr\/wp-json\/wp\/v2\/media\/365271"}],"wp:attachment":[{"href":"https:\/\/www.europesays.com\/fr\/wp-json\/wp\/v2\/media?parent=365270"}],"wp:term":[{"taxonomy":"category","embeddable":true,"href":"https:\/\/www.europesays.com\/fr\/wp-json\/wp\/v2\/categories?post=365270"},{"taxonomy":"post_tag","embeddable":true,"href":"https:\/\/www.europesays.com\/fr\/wp-json\/wp\/v2\/tags?post=365270"}],"curies":[{"name":"wp","href":"https:\/\/api.w.org\/{rel}","templated":true}]}}