{"id":365274,"date":"2025-09-04T08:44:09","date_gmt":"2025-09-04T08:44:09","guid":{"rendered":"https:\/\/www.europesays.com\/fr\/365274\/"},"modified":"2025-09-04T08:44:09","modified_gmt":"2025-09-04T08:44:09","slug":"il-nappartient-pas-a-la-russie-de-decider-sil-doit-y-avoir-des-troupes-etrangeres-en-ukraine-en-cas-daccord-de-paix-estime-le-chef-de-lotan","status":"publish","type":"post","link":"https:\/\/www.europesays.com\/fr\/365274\/","title":{"rendered":"il n\u2019appartient pas \u00e0 la Russie de \u00ab\u00a0d\u00e9cider\u00a0\u00bb s\u2019il doit y avoir des troupes \u00e9trang\u00e8res en Ukraine en cas d\u2019accord de paix, estime le chef de l\u2019OTAN"},"content":{"rendered":"<p>   Les soutiens europ\u00e9ens de l\u2019Ukraine se r\u00e9unissent jeudi\u00a0\u00e0 l\u2019Elys\u00e9e, et s\u2019entretiendront ensuite par t\u00e9l\u00e9phone avec Donald Trump             <\/p>\n<p class=\"post__live-container--answer-text post__space-node\">Alors que les efforts de Donald Trump pour arracher un accord de paix patinent, les soutiens europ\u00e9ens de l\u2019Ukraine se r\u00e9unissent jeudi \u00e0 l\u2019Elys\u00e9e pour tester l\u2019engagement des Etats-Unis pour la s\u00e9curit\u00e9 future de l\u2019Ukraine. Le pr\u00e9sident de la R\u00e9publique fran\u00e7aise, Emmanuel Macron, copr\u00e9side, \u00e0 10\u00a0h\u00a030 \u00e0 l\u2019Elys\u00e9e, une r\u00e9union de la \u00ab\u00a0coalition des volontaires\u00a0\u00bb, qui rassemble une trentaine de pays, essentiellement europ\u00e9ens, en pr\u00e9sence de son homologue ukrainien, Volodymyr Zelensky.<\/p>\n<p class=\"post__live-container--answer-text post__space-node\">Les dirigeants s\u2019entretiendront ensuite par t\u00e9l\u00e9phone \u00e0 14\u00a0heures avec Donald Trump. Avec deux sujets \u00e0 l\u2019ordre du jour\u00a0: un appel \u00e0 plus de sanctions am\u00e9ricaines contre la Russie et les contributions de chacun aux garanties de s\u00e9curit\u00e9 futures \u00e0 apporter \u00e0 l\u2019Ukraine.<\/p>\n<p class=\"post__live-container--answer-text post__space-node\">Outre M. Zelensky, le pr\u00e9sident finlandais Alexander Stubb sera pr\u00e9sent \u00e0 l\u2019Elys\u00e9e, de m\u00eame que les premiers ministres polonais Donald Tusk, espagnol Pedro Sanchez, danoise Mette Frederiksen ou encore les pr\u00e9sidents des institutions de l\u2019Union europ\u00e9enne Ursula von der Leyen et Antonio Costa. Le premier ministre britannique, Keir Starmer, copr\u00e9sident de la r\u00e9union, interviendra en visioconf\u00e9rence de m\u00eame que les autres dirigeants europ\u00e9ens, de l\u2019Allemand Friedrich Merz \u00e0 l\u2019Italienne Georgia Meloni.<\/p>\n<p class=\"post__live-container--answer-text post__space-node\">Les Europ\u00e9ens vont acter qu\u2019ils sont \u00ab\u00a0pr\u00eats\u00a0\u00bb sur l\u2019octroi de garanties de s\u00e9curit\u00e9 \u00e0 l\u2019Ukraine, pour mieux signifier qu\u2019ils attendent d\u00e9sormais des gestes concrets des Am\u00e9ricains dans le m\u00eame sens. \u00ab\u00a0Nous sommes pr\u00eats pour ces garanties de s\u00e9curit\u00e9. L\u2019Europe est au rendez-vous, pour la premi\u00e8re fois avec ce niveau d\u2019engagement et d\u2019intensit\u00e9\u00a0\u00bb, a d\u00e9clar\u00e9 le pr\u00e9sident fran\u00e7ais en accueillant son homologue ukrainien d\u00e8s mercredi soir \u00e0 l\u2019Elys\u00e9e pour un t\u00eate-\u00e0-t\u00eate.<\/p>\n<p class=\"post__live-container--answer-text post__space-node\">La \u00ab\u00a0coalition des volontaires\u00a0\u00bb est dispos\u00e9e \u00e0 contribuer au renforcement de l\u2019arm\u00e9e ukrainienne, voire pour certains pays \u2212 dont la France, le Royaume-Uni et la Belgique \u2212 \u00e0 d\u00e9ployer des soldats en Ukraine, une fois un cessez-le-feu conclu, pour dissuader la Russie de toute nouvelle agression. Mais certains alli\u00e9s, dont l\u2019Allemagne, se sont montr\u00e9s h\u00e9sitants dans l\u2019attente de la contribution am\u00e9ricaine, que plusieurs pays europ\u00e9ens jugent indispensable avant tout engagement de leur part.<\/p>\n","protected":false},"excerpt":{"rendered":"Les soutiens europ\u00e9ens de l\u2019Ukraine se r\u00e9unissent jeudi\u00a0\u00e0 l\u2019Elys\u00e9e, et s\u2019entretiendront ensuite par t\u00e9l\u00e9phone avec Donald Trump Alors&hellip;\n","protected":false},"author":2,"featured_media":365275,"comment_status":"","ping_status":"","sticky":false,"template":"","format":"standard","meta":{"footnotes":""},"categories":[5],"tags":[11,1011,27,14,12,28],"class_list":{"0":"post-365274","1":"post","2":"type-post","3":"status-publish","4":"format-standard","5":"has-post-thumbnail","7":"category-international","8":"tag-actualites","9":"tag-fr","10":"tag-france","11":"tag-international","12":"tag-news","13":"tag-world"},"share_on_mastodon":{"url":"https:\/\/pubeurope.com\/@fr\/115145150604805716","error":""},"_links":{"self":[{"href":"https:\/\/www.europesays.com\/fr\/wp-json\/wp\/v2\/posts\/365274","targetHints":{"allow":["GET"]}}],"collection":[{"href":"https:\/\/www.europesays.com\/fr\/wp-json\/wp\/v2\/posts"}],"about":[{"href":"https:\/\/www.europesays.com\/fr\/wp-json\/wp\/v2\/types\/post"}],"author":[{"embeddable":true,"href":"https:\/\/www.europesays.com\/fr\/wp-json\/wp\/v2\/users\/2"}],"replies":[{"embeddable":true,"href":"https:\/\/www.europesays.com\/fr\/wp-json\/wp\/v2\/comments?post=365274"}],"version-history":[{"count":0,"href":"https:\/\/www.europesays.com\/fr\/wp-json\/wp\/v2\/posts\/365274\/revisions"}],"wp:featuredmedia":[{"embeddable":true,"href":"https:\/\/www.europesays.com\/fr\/wp-json\/wp\/v2\/media\/365275"}],"wp:attachment":[{"href":"https:\/\/www.europesays.com\/fr\/wp-json\/wp\/v2\/media?parent=365274"}],"wp:term":[{"taxonomy":"category","embeddable":true,"href":"https:\/\/www.europesays.com\/fr\/wp-json\/wp\/v2\/categories?post=365274"},{"taxonomy":"post_tag","embeddable":true,"href":"https:\/\/www.europesays.com\/fr\/wp-json\/wp\/v2\/tags?post=365274"}],"curies":[{"name":"wp","href":"https:\/\/api.w.org\/{rel}","templated":true}]}}