{"id":365276,"date":"2025-09-04T08:45:13","date_gmt":"2025-09-04T08:45:13","guid":{"rendered":"https:\/\/www.europesays.com\/fr\/365276\/"},"modified":"2025-09-04T08:45:13","modified_gmt":"2025-09-04T08:45:13","slug":"lepouse-de-la-directrice-decole-qui-sest-suicidee-le-jour-de-la-rentree-temoigne","status":"publish","type":"post","link":"https:\/\/www.europesays.com\/fr\/365276\/","title":{"rendered":"l&rsquo;\u00e9pouse de la directrice d&rsquo;\u00e9cole qui s&rsquo;est suicid\u00e9e le jour de la rentr\u00e9e t\u00e9moigne"},"content":{"rendered":"<p>L&rsquo;\u00e9pouse de Caroline Grandjean, directrice d&rsquo;\u00e9cole qui s&rsquo;est suicid\u00e9e le jour de la rentr\u00e9e dans le Cantal, a pris la parole pour la premi\u00e8re fois dans la presse. Elle d\u00e9crit une femme passionn\u00e9e par son m\u00e9tier, qui a souffert de l&rsquo;absence de soutien de l&rsquo;\u00c9ducation nationale.<\/p>\n<p>Quelques jours apr\u00e8s <a href=\"https:\/\/www.bfmtv.com\/police-justice\/victime-de-harcelement-homophobe-une-directrice-d-ecole-se-suicide-le-jour-de-la-rentree_AN-202509020442.html\" title=\"Victime de harc\u00e8lement homophobe, une directrice d&#039;\u00e9cole se suicide le jour de la rentr\u00e9e\" class=\"internal_link\" rel=\"nofollow noopener\" target=\"_blank\">le suicide d&rsquo;une directrice d&rsquo;\u00e9cole<\/a> dans le Cantal, son \u00e9pouse prend la parole. Aupr\u00e8s de <a href=\"https:\/\/www.franceinfo.fr\/societe\/homophobie\/document-francetv-je-ne-veux-pas-qu-elle-soit-partie-pour-rien-l-epouse-de-caroline-la-directrice-d-ecole-qui-a-mis-fin-a-ses-jours-apres-un-harcelement-homophobe-temoigne_7471075.html\" target=\"_blank\" class=\"external_link\" rel=\"nofollow noopener\">France 2<\/a>, Christine d\u00e9nonce le climat d&rsquo;ins\u00e9curit\u00e9 dans lequel Caroline a v\u00e9cu pendant plusieurs mois, victime de harc\u00e8lement homophobe, et d\u00e9nonce l&rsquo;absence de soutien de l&rsquo;\u00c9ducation nationale.<\/p>\n<blockquote class=\"embed embed_quote\"><p>\u00ab\u00a0C&rsquo;\u00e9tait une enseignante passionn\u00e9e\u00a0\u00bb, se souvient son \u00e9pouse, d\u00e9sormais veuve.<\/p><\/blockquote>\n<p>\u00c0 42 ans, Caroline Grandjean \u00e9tait institutrice dans l&rsquo;\u00e9cole de Moussages, un village du nord du <a href=\"https:\/\/www.bfmtv.com\/police-justice\/harcelement-homophobe-enquete-reclamee-ce-que-l-on-sait-du-suicide-d-une-directrice-d-ecole-le-jour-de-la-rentree_AN-202509020614.html\" title=\"Harc\u00e8lement homophobe, enqu\u00eate r\u00e9clam\u00e9e... Ce que l&#039;on sait du suicide d&#039;une directrice d&#039;\u00e9cole le jour de la rentr\u00e9e\" class=\"internal_link\" rel=\"nofollow noopener\" target=\"_blank\">Cantal<\/a>. \u00ab\u00a0Elle savait cr\u00e9er un climat de confiance. Si les enfants sont en confiance, il n&rsquo;y a pas de probl\u00e8me&#8230; Le probl\u00e8me vient de l&rsquo;ext\u00e9rieur\u00a0\u00bb, soutient Christine.<\/p>\n<p>La directrice d&rsquo;\u00e9cole a mis fin \u00e0 ses jours apr\u00e8s des mois de harc\u00e8lement homophobe. En 2023, un tag homophobe avait \u00e9t\u00e9 inscrit sous le pr\u00e9au de son \u00e9cole. Choqu\u00e9e, la directrice d&rsquo;\u00e9cole avait b\u00e9n\u00e9fici\u00e9 d&rsquo;un arr\u00eat de travail.<\/p>\n<blockquote class=\"embed embed_quote\"><p>\u00ab\u00a0\u00c7a a commenc\u00e9 par &lsquo;sale gouine&rsquo;. Et puis un qui \u00e9tait grave dans une \u00e9cole, c&rsquo;est &lsquo;gouine=p\u00e9dophile'\u00a0\u00bb, raconte Christine. \u00ab\u00a0J&rsquo;ai dit, &lsquo;l\u00e0, fais attention&rsquo;.\u00a0\u00bb<\/p><\/blockquote>\n<p>D&rsquo;autres inscriptions ont ensuite \u00e9t\u00e9 d\u00e9couvertes, ainsi qu&rsquo;une menace de mort dans la bo\u00eete aux lettres de l&rsquo;\u00e9cole. Caroline Grandjean d\u00e9pose plusieurs plaintes, mais finit par \u00eatre de nouveau en arr\u00eat de travail depuis avril dernier, tout en d\u00e9non\u00e7ant l&rsquo;indiff\u00e9rence de l&rsquo;\u00c9ducation nationale, de la mairie et des parents d&rsquo;\u00e9l\u00e8ves.<\/p>\n<p>\u00ab\u00a0La hi\u00e9rarchie n&rsquo;a pas compris sa souffrance\u00a0\u00bb<\/p>\n<p>Selon sa femme, c&rsquo;est ce <a href=\"https:\/\/www.bfmtv.com\/societe\/education\/des-syndicats-denoncent-le-pas-de-vague-de-l-education-nationale-apres-le-suicide-d-une-directrice-harcelee_AN-202509030516.html\" title=\"Des syndicats d\u00e9noncent le &quot;pas de vague&quot; de l&#039;\u00c9ducation nationale apr\u00e8s le suicide d&#039;une directrice harcel\u00e9e\" class=\"internal_link\" rel=\"nofollow noopener\" target=\"_blank\">manque de soutien collectif<\/a> et non les injures et insultes en elles-m\u00eames qui l&rsquo;a le plus fait souffrir. \u00ab\u00a0La hi\u00e9rarchie n&rsquo;a pas compris la souffrance de Caroline.\u00a0\u00bb<\/p>\n<p>Cette absence de soutien est aujourd&rsquo;hui largement d\u00e9nonc\u00e9e par les syndicats de l&rsquo;enseignement, qui r\u00e9clament des explications apr\u00e8s ce suicide. Caroline avait lanc\u00e9 plusieurs appels \u00e0 l&rsquo;aide aupr\u00e8s de sa direction et n&rsquo;avait pas cach\u00e9 son mal-\u00eatre, alors qu&rsquo;elle aimait toujours autant son m\u00e9tier.<\/p>\n<p><img width=\"1\" height=\"1\" class=\"lozad\"  alt=\"Tous les soirs dans Le Titre \u00e0 la Une, d\u00e9couvrez ce qui se cache derri\u00e8re les gros titres. Zacharie Legros vous raconte une histoire, un r\u00e9cit de vie, avec aussi le t\u00e9moignage intime de celles et ceux qui font l'actualit\u00e9.\"\/>Suicide d\u2019une directrice d\u2019\u00e9cole: l\u2019\u00e9chec du minist\u00e8re de l&rsquo;\u00c9ducation face aux violences\u00a0homophobes ?<\/p>\n<p>\u00ab\u00a0La solution qui a \u00e9t\u00e9 propos\u00e9e, soi-disant pour la prot\u00e9ger, c&rsquo;\u00e9tait d&rsquo;\u00eatre d\u00e9plac\u00e9e\u00a0\u00bb, d\u00e9plore Florence Comte, secr\u00e9taire et porte-parole du S2D\u00c9, un syndicat de directrices et directeurs d&rsquo;\u00e9cole sur <a href=\"https:\/\/rmc.bfmtv.com\/actualites\/societe\/education\/suicide-d-une-enseignante-harcelee-trop-souvent-l-education-nationale-utilise-le-pas-de-vague_AV-202509030199.html\" title=\"Suicide d&#039;une enseignante harcel\u00e9e: &quot;Trop souvent, l&#039;\u00c9ducation nationale utilise le &#039;pas de vague&#039;\u201d\" class=\"internal_link\" rel=\"nofollow noopener\" target=\"_blank\">RMC<\/a>. Une fausse solution, d&rsquo;apr\u00e8s cette derni\u00e8re.<\/p>\n<p>De plus Caroline ne voulait pas changer d&rsquo;\u00e9tablissement. \u00ab\u00a0Je me suis battue pour pas qu&rsquo;elle y retourne, mais elle voulait revenir \u00e0 Moussages. Elle voulait continuer, parce qu&rsquo;elle n&rsquo;a rien fait\u00a0\u00bb, insiste Christine au micro de France 2.\u00a0\u00bb Avant d&rsquo;ajouter: \u00ab\u00a0Je ne veux pas qu&rsquo;elle soit partie pour rien.\u00a0\u00bb<\/p>\n<p>Des tensions avec des parents d&rsquo;\u00e9l\u00e8ves?<\/p>\n<p>En plus de l&rsquo;absence de soutien, Christine d\u00e9plore quelques tensions avec des parents d&rsquo;\u00e9l\u00e8ves. Toutefois, le d\u00e9l\u00e9gu\u00e9 repr\u00e9sentant des parents d&rsquo;\u00e9l\u00e8ves Julien Audinet assure que tout a \u00e9t\u00e9 fait pour l&rsquo;aider.<\/p>\n<p>\u00ab\u00a0Nous, tous les parents d&rsquo;\u00e9l\u00e8ves, avons \u00e9t\u00e9 sollicit\u00e9s par la gendarmerie pour \u00eatre auditionn\u00e9s, et nous avons toujours eu des entretiens avec l&rsquo;inspectrice acad\u00e9mique de la circonscription pour \u00e9voquer les sujets et essayer de r\u00e9agir \u00e0 ces faits qui nous d\u00e9passaient un petit peu.\u00a0\u00bb<\/p>\n<p>Une proc\u00e9dure en \u00ab\u00a0recherches des causes de la mort\u00a0\u00bb a \u00e9t\u00e9 ouverte par le parquet d&rsquo;Aurillac (Cantal). La ministre <a href=\"https:\/\/www.bfmtv.com\/police-justice\/suicide-d-une-directrice-d-ecole-le-jour-de-la-rentree-elisabeth-borne-saisit-l-inspection-generale-pour-faire-la-lumiere_AN-202509020908.html\" title=\"Suicide d&#039;une directrice d&#039;\u00e9cole le jour de la rentr\u00e9e: \u00c9lisabeth Borne &quot;saisit l&#039;inspection g\u00e9n\u00e9rale&quot; pour &quot;faire la lumi\u00e8re&quot;\" class=\"internal_link\" rel=\"nofollow noopener\" target=\"_blank\">\u00c9lisabeth Borne<\/a> a quant \u00e0 elle saisi l&rsquo;inspection g\u00e9n\u00e9rale de l&rsquo;\u00c9ducation nationale pour \u00ab\u00a0faire la lumi\u00e8re sur la mort de Carole Grandjean\u00a0\u00bb.<\/p>\n<p class=\"encadre_text\"><strong>01.48.06.42.41: la ligne d\u2019\u00e9coute anonyme de SOS Homophobie<br \/><\/strong>La ligne d&rsquo;\u00e9coute de SOS homophobie est anim\u00e9e par des b\u00e9n\u00e9voles form\u00e9s \u00e0 recueillir les t\u00e9moignages et apporter aux victimes attention, r\u00e9confort et pistes de solutions dans le plus strict anonymat. Ce num\u00e9ro est joignable du lundi au jeudi de 18 heures \u00e0 22 heures, le vendredi de 18 heures \u00e0 20 heures, le samedi de 14 heures \u00e0 16 heures et le dimanche de 18 heures \u00e0 20 heures.<\/p>\n<p><strong>3114: le num\u00e9ro national de pr\u00e9vention du suicide<\/strong><br \/>Le 3114 est le num\u00e9ro \u00e0 contacter si vous \u00eates en d\u00e9tresse psychique ou si vous avez des id\u00e9es suicidaires. Vous pouvez \u00e9galement le contacter si un de vos proches est dans ce cas. Il propose une \u00e9coute avec des professionnels de sant\u00e9 sp\u00e9cialement form\u00e9s, et est disponible sept jours sur sept, 24 heures sur 24.<\/p>\n","protected":false},"excerpt":{"rendered":"L&rsquo;\u00e9pouse de Caroline Grandjean, directrice d&rsquo;\u00e9cole qui s&rsquo;est suicid\u00e9e le jour de la rentr\u00e9e dans le Cantal, a&hellip;\n","protected":false},"author":2,"featured_media":365277,"comment_status":"","ping_status":"","sticky":false,"template":"","format":"standard","meta":{"footnotes":""},"categories":[4],"tags":[11,1011,27,12,25],"class_list":{"0":"post-365276","1":"post","2":"type-post","3":"status-publish","4":"format-standard","5":"has-post-thumbnail","7":"category-france","8":"tag-actualites","9":"tag-fr","10":"tag-france","11":"tag-news","12":"tag-republique-francaise"},"share_on_mastodon":{"url":"https:\/\/pubeurope.com\/@fr\/115145154487941108","error":""},"_links":{"self":[{"href":"https:\/\/www.europesays.com\/fr\/wp-json\/wp\/v2\/posts\/365276","targetHints":{"allow":["GET"]}}],"collection":[{"href":"https:\/\/www.europesays.com\/fr\/wp-json\/wp\/v2\/posts"}],"about":[{"href":"https:\/\/www.europesays.com\/fr\/wp-json\/wp\/v2\/types\/post"}],"author":[{"embeddable":true,"href":"https:\/\/www.europesays.com\/fr\/wp-json\/wp\/v2\/users\/2"}],"replies":[{"embeddable":true,"href":"https:\/\/www.europesays.com\/fr\/wp-json\/wp\/v2\/comments?post=365276"}],"version-history":[{"count":0,"href":"https:\/\/www.europesays.com\/fr\/wp-json\/wp\/v2\/posts\/365276\/revisions"}],"wp:featuredmedia":[{"embeddable":true,"href":"https:\/\/www.europesays.com\/fr\/wp-json\/wp\/v2\/media\/365277"}],"wp:attachment":[{"href":"https:\/\/www.europesays.com\/fr\/wp-json\/wp\/v2\/media?parent=365276"}],"wp:term":[{"taxonomy":"category","embeddable":true,"href":"https:\/\/www.europesays.com\/fr\/wp-json\/wp\/v2\/categories?post=365276"},{"taxonomy":"post_tag","embeddable":true,"href":"https:\/\/www.europesays.com\/fr\/wp-json\/wp\/v2\/tags?post=365276"}],"curies":[{"name":"wp","href":"https:\/\/api.w.org\/{rel}","templated":true}]}}