{"id":365280,"date":"2025-09-04T08:47:12","date_gmt":"2025-09-04T08:47:12","guid":{"rendered":"https:\/\/www.europesays.com\/fr\/365280\/"},"modified":"2025-09-04T08:47:12","modified_gmt":"2025-09-04T08:47:12","slug":"lauteur-de-coups-de-couteau-interpelle-et-place-en-detention-provisoire","status":"publish","type":"post","link":"https:\/\/www.europesays.com\/fr\/365280\/","title":{"rendered":"l\u2019auteur de coups de couteau interpell\u00e9 et plac\u00e9 en d\u00e9tention provisoire"},"content":{"rendered":"<p>L\u2019enqu\u00eate a longue et compliqu\u00e9e. Mais les forces de police ont r\u00e9ussi \u00e0 retrouver l\u2019auteur des coups de couteau et \u00e0 l\u2019interpeller. Selon nos informations, confirm\u00e9es par le parquet de Saint-Etienne, un jeune homme de 21ans habitant \u00e0 Saint-Chamond a \u00e9t\u00e9 arr\u00eat\u00e9 \u00ab\u00a0apr\u00e8s la d\u00e9livrance d\u2019un mandat de recherches par le parquet de Saint-Etienne\u00a0\u00bb, comme le pr\u00e9cise Anne Gaches, procureure de la R\u00e9publique de Saint-Etienne.<\/p>\n<p>  La victime se retrouve lourdement handicap\u00e9e<\/p>\n<p>Et la magistrate de rajouter\u00a0: \u00ab\u00a0Il a \u00e9t\u00e9 mis en examen par le juge d\u2019instruction pour des faits de tentative de meurtre commis le 12\u00a0avril 2025 \u00e0 Saint-Chamond et plac\u00e9 en d\u00e9tention provisoire\u00a0\u00bb. Ce samedi-l\u00e0, une sc\u00e8ne de violence effroyable s\u2019\u00e9tait d\u00e9roul\u00e9e, vers 6 heures. <a href=\"https:\/\/www.leprogres.fr\/faits-divers-justice\/2025\/04\/13\/agression-au-couteau-a-saint-chamond-pronostic-vital-engage-pour-un-homme-de-25-ans\" target=\"_blank\" rel=\"noopener\">Une rixe impliquant plusieurs individus<\/a> avait \u00e9clat\u00e9 aux abords de la place de la Libert\u00e9.<\/p>\n<p>Les raisons de ce d\u00e9ferlement de violences demeurent inconnues mais la bagarre s\u2019\u00e9tait poursuivie un peu plus loin jusqu\u2019\u00e0 la rue Ventefol, \u00e0 quelques encablures de la place de la Halle. C\u2019est l\u00e0 qu\u2019un homme \u00e2g\u00e9 de 25 ans avait \u00e9t\u00e9 victime d\u2019un coup de couteau au niveau de la carotide.<\/p>\n<p>Gravement bless\u00e9, ce dernier avait \u00e9t\u00e9 transport\u00e9 en urgence \u00e0 l\u2019h\u00f4pital, son pronostic vital \u00e9tant engag\u00e9. Pr\u00e8s de cinq mois apr\u00e8s les faits, l\u2019auteur des coups de couteau est derri\u00e8re les barreaux en attendant son jugement. Sa victime, quant \u00e0 elle, se retrouve lourdement handicap\u00e9e.<\/p>\n","protected":false},"excerpt":{"rendered":"L\u2019enqu\u00eate a longue et compliqu\u00e9e. Mais les forces de police ont r\u00e9ussi \u00e0 retrouver l\u2019auteur des coups de&hellip;\n","protected":false},"author":2,"featured_media":365281,"comment_status":"","ping_status":"","sticky":false,"template":"","format":"standard","meta":{"footnotes":""},"categories":[9653],"tags":[1111,11,2430,271,272,7539,1777,674,274,107,1011,27,3367,12,25,9669,9670,4001,104],"class_list":{"0":"post-365280","1":"post","2":"type-post","3":"status-publish","4":"format-standard","5":"has-post-thumbnail","7":"category-saint-etienne","8":"tag-actu","9":"tag-actualites","10":"tag-auvergne-rhone-alpes","11":"tag-crime","12":"tag-delit-et-contravention","13":"tag-edition-loire-sud","14":"tag-eu","15":"tag-europe","16":"tag-faits-divers-justice","17":"tag-fil-info","18":"tag-fr","19":"tag-france","20":"tag-loire","21":"tag-news","22":"tag-republique-francaise","23":"tag-saint-chamond","24":"tag-saint-chamond-ville","25":"tag-saint-etienne","26":"tag-societe"},"share_on_mastodon":{"url":"https:\/\/pubeurope.com\/@fr\/115145162314388721","error":""},"_links":{"self":[{"href":"https:\/\/www.europesays.com\/fr\/wp-json\/wp\/v2\/posts\/365280","targetHints":{"allow":["GET"]}}],"collection":[{"href":"https:\/\/www.europesays.com\/fr\/wp-json\/wp\/v2\/posts"}],"about":[{"href":"https:\/\/www.europesays.com\/fr\/wp-json\/wp\/v2\/types\/post"}],"author":[{"embeddable":true,"href":"https:\/\/www.europesays.com\/fr\/wp-json\/wp\/v2\/users\/2"}],"replies":[{"embeddable":true,"href":"https:\/\/www.europesays.com\/fr\/wp-json\/wp\/v2\/comments?post=365280"}],"version-history":[{"count":0,"href":"https:\/\/www.europesays.com\/fr\/wp-json\/wp\/v2\/posts\/365280\/revisions"}],"wp:featuredmedia":[{"embeddable":true,"href":"https:\/\/www.europesays.com\/fr\/wp-json\/wp\/v2\/media\/365281"}],"wp:attachment":[{"href":"https:\/\/www.europesays.com\/fr\/wp-json\/wp\/v2\/media?parent=365280"}],"wp:term":[{"taxonomy":"category","embeddable":true,"href":"https:\/\/www.europesays.com\/fr\/wp-json\/wp\/v2\/categories?post=365280"},{"taxonomy":"post_tag","embeddable":true,"href":"https:\/\/www.europesays.com\/fr\/wp-json\/wp\/v2\/tags?post=365280"}],"curies":[{"name":"wp","href":"https:\/\/api.w.org\/{rel}","templated":true}]}}