{"id":365282,"date":"2025-09-04T08:48:16","date_gmt":"2025-09-04T08:48:16","guid":{"rendered":"https:\/\/www.europesays.com\/fr\/365282\/"},"modified":"2025-09-04T08:48:16","modified_gmt":"2025-09-04T08:48:16","slug":"saint-etienne-un-sondage-departagera-5-candidats-de-droite-et-du-centre","status":"publish","type":"post","link":"https:\/\/www.europesays.com\/fr\/365282\/","title":{"rendered":"Saint-Etienne : un sondage d\u00e9partagera 5 candidats de droite et du centre"},"content":{"rendered":"<p><img loading=\"lazy\" decoding=\"async\" alt=\"\u00a9 Laurie Joanou - Les cinq candidats lors de la pr\u00e9sentation du collectif, en mai dernier.\" data-zoom-src=\"https:\/\/www.europesays.com\/fr\/wp-content\/uploads\/2025\/09\/initial-municipales-2026.jpg\" data-zoomable=\"\" height=\"702\" src=\"https:\/\/www.europesays.com\/fr\/wp-content\/uploads\/2025\/09\/initial-municipales-2026.jpg\" width=\"1248\"\/>  <\/p>\n<p class=\"article-desc\">\u00a9 Laurie Joanou &#8211; Les cinq candidats lors de la pr\u00e9sentation du collectif, en mai dernier. <\/p>\n<p>Le sondage annonc\u00e9 depuis plusieurs mois par les formations politiques allant de la droite au centre-gauche pour d\u00e9terminer leur chef de file \u00e0 Saint-\u00c9tienne aux \u00e9lections municipales de mars 2026 a d\u00e9but\u00e9 ce mercredi 3 septembre. <\/p>\n<p>Une initiative insolite donnant une grande responsabilit\u00e9 \u00e0 <strong>l\u2019institut de sondage Ifop<\/strong> qui doit annoncer autour du 15 septembre le nom de celle ou de celui qui pourrait devenir le prochain maire de Saint-\u00c9tienne. <\/p>\n<p>Le r\u00e9sultat sera d\u00e9voil\u00e9 dans les jours pr\u00e9c\u00e9dant\u00a0le proc\u00e8s du maire <\/p>\n<p>L\u2019annonce qui interviendra environ une semaine avant le d\u00e9but du proc\u00e8s devant le tribunal correctionnel de Lyon de l\u2019actuel maire de Saint-\u00c9tienne, Ga\u00ebl Perdriau : \u00ab\u00a0n&rsquo;est pas dirig\u00e9e contre lui ni contre son \u00e9quipe\u00a0\u00bb tient \u00e0 souligner Dino Cinieri, le conseiller r\u00e9gional LR proche <a href=\"https:\/\/mesinfos.fr\/auvergne-rhone-alpes\/region-auvergne-rhone-alpes-les-socialistes-fustigent-la-gestion-wauquiez-219486.html\" rel=\"noopener\" target=\"_blank\">de Laurent Wauquiez<\/a> qui se pr\u00e9sente comme l\u2019initiateur du collectif \u00ab\u00a0Saint-\u00c9tienne Ensemble 2026\u00a0\u00bb. Il pr\u00e9cise que le financement du sondage command\u00e9 \u00e0 l\u2019Ifop, qui repr\u00e9sente une d\u00e9pense de <strong>13 000 euros hors taxes<\/strong>, sera r\u00e9parti entre les diff\u00e9rentes composantes du collectif.<\/p>\n<p> Les St\u00e9phanois interrog\u00e9s sur la notori\u00e9t\u00e9 et l\u2019opinion qu\u2019ils ont des candidats <\/p>\n<p>Les St\u00e9phanois sond\u00e9s (plusieurs milliers vont \u00eatre contact\u00e9s par t\u00e9l\u00e9phone pour aboutir, selon la m\u00e9thode des quotas, \u00e0 un \u00e9chantillon repr\u00e9sentatif de 600 \u00e9lecteurs en fonction d\u2019une s\u00e9rie de crit\u00e8res) sont en premier lieu interrog\u00e9s sur <strong>la notori\u00e9t\u00e9 des cinq candidats<\/strong> du collectif qui aspirent \u00e0 \u00eatre d\u00e9sign\u00e9s t\u00eate de liste.<\/p>\n<p>Apr\u00e8s avoir \u00e9t\u00e9 amen\u00e9s \u00e0 exprimer l\u2019opinion que leur inspire chacun d\u2019eux, ainsi qu\u2019\u00e0 dire lequel ferait un bon maire de Saint-\u00c9tienne, les sond\u00e9s sont invit\u00e9s \u00e0 r\u00e9pondre \u00e0 la question : \u00ab\u00a0Qui souhaiteriez-vous le plus voir conduire la liste du centre et de la droite aux prochaines \u00e9lections municipales \u00e0 Saint-\u00c9tienne ?\u00a0\u00bb. <\/p>\n<p>Des candidats \u00e2g\u00e9s de 31 \u00e0 70 ans <\/p>\n<p>Parmi les postulants figurent l\u2019actuel pr\u00e9sident de l\u2019UDI dans la Loire <strong>Lionel Boucher <\/strong>(UDI), \u00e2g\u00e9 de 48 ans, \u00e9lu en 2022 sur la liste de la majorit\u00e9 municipale et qui si\u00e8ge d\u00e9sormais dans l\u2019opposition. <strong>Quentin Bataillon<\/strong>, 31 ans, membre de Renaissance, a quant \u00e0 lui \u00e9t\u00e9 d\u00e9put\u00e9 de la 1\u00e8re circonscription de la Loire de 2022 \u00e0 2024. <\/p>\n<p><strong>Alain Berth\u00e9as<\/strong>, 69 ans, pr\u00e9sident de la f\u00e9d\u00e9ration de la Loire du Parti radical, est le pr\u00e9c\u00e9dent pr\u00e9sident de l\u2019agglom\u00e9ration Loire-Forez. Le conseiller r\u00e9gional LR <strong>Dino Cinieri<\/strong>, 70 ans, est un ancien maire de Firminy et d\u00e9put\u00e9 de la 4\u00e8me circonscription de la Loire jusqu\u2019en 2023. <strong>Zahra Bencharif<\/strong>, 50 ans, est pour sa part la pr\u00e9sidente du Parti radical de gauche dans la Loire.<\/p>\n","protected":false},"excerpt":{"rendered":"\u00a9 Laurie Joanou &#8211; Les cinq candidats lors de la pr\u00e9sentation du collectif, en mai dernier. Le sondage&hellip;\n","protected":false},"author":2,"featured_media":365283,"comment_status":"","ping_status":"","sticky":false,"template":"","format":"standard","meta":{"footnotes":""},"categories":[9653],"tags":[1111,11,2430,1777,674,1011,27,3434,12,25,4001,9893],"class_list":{"0":"post-365282","1":"post","2":"type-post","3":"status-publish","4":"format-standard","5":"has-post-thumbnail","7":"category-saint-etienne","8":"tag-actu","9":"tag-actualites","10":"tag-auvergne-rhone-alpes","11":"tag-eu","12":"tag-europe","13":"tag-fr","14":"tag-france","15":"tag-municipales-2026","16":"tag-news","17":"tag-republique-francaise","18":"tag-saint-etienne","19":"tag-saint-etienne-mu00e9tropole"},"share_on_mastodon":{"url":"https:\/\/pubeurope.com\/@fr\/115145166307089949","error":""},"_links":{"self":[{"href":"https:\/\/www.europesays.com\/fr\/wp-json\/wp\/v2\/posts\/365282","targetHints":{"allow":["GET"]}}],"collection":[{"href":"https:\/\/www.europesays.com\/fr\/wp-json\/wp\/v2\/posts"}],"about":[{"href":"https:\/\/www.europesays.com\/fr\/wp-json\/wp\/v2\/types\/post"}],"author":[{"embeddable":true,"href":"https:\/\/www.europesays.com\/fr\/wp-json\/wp\/v2\/users\/2"}],"replies":[{"embeddable":true,"href":"https:\/\/www.europesays.com\/fr\/wp-json\/wp\/v2\/comments?post=365282"}],"version-history":[{"count":0,"href":"https:\/\/www.europesays.com\/fr\/wp-json\/wp\/v2\/posts\/365282\/revisions"}],"wp:featuredmedia":[{"embeddable":true,"href":"https:\/\/www.europesays.com\/fr\/wp-json\/wp\/v2\/media\/365283"}],"wp:attachment":[{"href":"https:\/\/www.europesays.com\/fr\/wp-json\/wp\/v2\/media?parent=365282"}],"wp:term":[{"taxonomy":"category","embeddable":true,"href":"https:\/\/www.europesays.com\/fr\/wp-json\/wp\/v2\/categories?post=365282"},{"taxonomy":"post_tag","embeddable":true,"href":"https:\/\/www.europesays.com\/fr\/wp-json\/wp\/v2\/tags?post=365282"}],"curies":[{"name":"wp","href":"https:\/\/api.w.org\/{rel}","templated":true}]}}