{"id":365284,"date":"2025-09-04T08:49:11","date_gmt":"2025-09-04T08:49:11","guid":{"rendered":"https:\/\/www.europesays.com\/fr\/365284\/"},"modified":"2025-09-04T08:49:11","modified_gmt":"2025-09-04T08:49:11","slug":"chaligny-le-festival-ecleczik-lance-ce-vendredi-soir","status":"publish","type":"post","link":"https:\/\/www.europesays.com\/fr\/365284\/","title":{"rendered":"Chaligny. Le festival Eclec\u2019zik lanc\u00e9 ce vendredi soir"},"content":{"rendered":"<p>Le festival Eclec\u2019zik, \u00e9v\u00e9nement musical et solidaire se d\u00e9roulera ce week-end. Les pr\u00e9paratifs sont en phase finale et les organisateurs, membres d\u2019associations connues comme Amphaz ou les Poolettes, ont mis la main \u00e0 la p\u00e2te pour faire de la manifestation une grande r\u00e9ussite.<\/p>\n<p>\u00ab\u00a0Un nouveau Jardin du Michel,\u00a0\u00bb r\u00eave Laurent Godfroy, pr\u00e9sident de l\u2019association dont le festival tire son nom. Les b\u00e9n\u00e9fices escompt\u00e9s iront aux Poolettes, association qui milite pour la sensibilisation au don d\u2019organes.<\/p>\n<p>  Programmation maintenue malgr\u00e9 l\u2019annulation de 2023<\/p>\n<p>Concr\u00e8tement, les groupes qui devaient venir l\u2019an dernier, lorsque le festival a d\u00fb \u00eatre annul\u00e9 pour cause de temp\u00eate, reviennent presque tous. T\u00eates d\u2019affiche, les Sales Majest\u00e9s, mais aussi Charge 69 et Karaokids United, se partageront la sc\u00e8ne avec 13 autres groupes. Les festivaliers pourront dormir sur place, un emplacement est pr\u00e9vu pour le camping, la restauration sera assur\u00e9e par food truck et par les soins d\u2019Eclec\u2019zik. Les toilettes\u00a0? Fabriqu\u00e9es maison par Laurent et un des autres organisateurs, dans le respect de l\u2019environnement, avec du mat\u00e9riel de r\u00e9cup\u00e9ration. Mais le confort est garanti\u00a0!<\/p>\n<p>C\u00f4t\u00e9 s\u00e9curit\u00e9, les organisateurs ont assur\u00e9 en la mettant entre les mains d\u2019une grosse \u00e9quipe de professionnels de la soci\u00e9t\u00e9 Kh\u00e9ops de Saint-Nicolas-de-Port.<\/p>\n<p>Enfin, samedi matin, des artisans d\u00e9ploieront leurs stands pour un march\u00e9 artisanal sur le site du festival.<\/p>\n<p>Un week-end solidaire, festif, familial et haut en couleurs musicales\u00a0!<\/p>\n<p>  Le festival Eclec\u2019zik en pratique<\/p>\n<p>Du vendredi 5\u00a0septembre, 18\u00a0h au dimanche 7\u00a0septembre 4\u00a0h. Lieu\u00a0: carri\u00e8re aux poneys, route du Charbonnier (CC7), Chaligny. Acc\u00e8s par Maron ou Villers-l\u00e8s-Nancy, suivre les panneaux. Entr\u00e9e 6\u00a0\u20ac la journ\u00e9e ou 10\u00a0\u20ac les 2 sur Hello Asso. La route du Charbonnier sera ferm\u00e9e \u00e0 la circulation du vendredi\u00a05 \u00e0 8\u00a0h au dimanche\u00a07 \u00e0 minuit en raison du festival.<\/p>\n<p>Programme complet\u00a0: Facebook Eclec\u2019zik festival<\/p>\n<p>Renseignements\u00a0: 06\u00a065\u00a036\u00a093\u00a003<\/p>\n","protected":false},"excerpt":{"rendered":"Le festival Eclec\u2019zik, \u00e9v\u00e9nement musical et solidaire se d\u00e9roulera ce week-end. Les pr\u00e9paratifs sont en phase finale et&hellip;\n","protected":false},"author":2,"featured_media":365285,"comment_status":"","ping_status":"","sticky":false,"template":"","format":"standard","meta":{"footnotes":""},"categories":[9635],"tags":[1111,11,9848,23797,1687,1704,1777,674,1011,27,775,873,1702,12,25],"class_list":{"0":"post-365284","1":"post","2":"type-post","3":"status-publish","4":"format-standard","5":"has-post-thumbnail","7":"category-nancy","8":"tag-actu","9":"tag-actualites","10":"tag-cc-moselle-et-madon-54b","11":"tag-chaligny","12":"tag-culture-loisirs","13":"tag-edition-nancy-et-agglomeration","14":"tag-eu","15":"tag-europe","16":"tag-fr","17":"tag-france","18":"tag-grand-est","19":"tag-musique","20":"tag-nancy","21":"tag-news","22":"tag-republique-francaise"},"share_on_mastodon":{"url":"https:\/\/pubeurope.com\/@fr\/115145170142269522","error":""},"_links":{"self":[{"href":"https:\/\/www.europesays.com\/fr\/wp-json\/wp\/v2\/posts\/365284","targetHints":{"allow":["GET"]}}],"collection":[{"href":"https:\/\/www.europesays.com\/fr\/wp-json\/wp\/v2\/posts"}],"about":[{"href":"https:\/\/www.europesays.com\/fr\/wp-json\/wp\/v2\/types\/post"}],"author":[{"embeddable":true,"href":"https:\/\/www.europesays.com\/fr\/wp-json\/wp\/v2\/users\/2"}],"replies":[{"embeddable":true,"href":"https:\/\/www.europesays.com\/fr\/wp-json\/wp\/v2\/comments?post=365284"}],"version-history":[{"count":0,"href":"https:\/\/www.europesays.com\/fr\/wp-json\/wp\/v2\/posts\/365284\/revisions"}],"wp:featuredmedia":[{"embeddable":true,"href":"https:\/\/www.europesays.com\/fr\/wp-json\/wp\/v2\/media\/365285"}],"wp:attachment":[{"href":"https:\/\/www.europesays.com\/fr\/wp-json\/wp\/v2\/media?parent=365284"}],"wp:term":[{"taxonomy":"category","embeddable":true,"href":"https:\/\/www.europesays.com\/fr\/wp-json\/wp\/v2\/categories?post=365284"},{"taxonomy":"post_tag","embeddable":true,"href":"https:\/\/www.europesays.com\/fr\/wp-json\/wp\/v2\/tags?post=365284"}],"curies":[{"name":"wp","href":"https:\/\/api.w.org\/{rel}","templated":true}]}}