{"id":365286,"date":"2025-09-04T08:51:14","date_gmt":"2025-09-04T08:51:14","guid":{"rendered":"https:\/\/www.europesays.com\/fr\/365286\/"},"modified":"2025-09-04T08:51:14","modified_gmt":"2025-09-04T08:51:14","slug":"football-un-nouveau-challenge-en-turquie-pour-lancien-milieu-de-las-nancy-lorraine-youssef-ait-bennasser","status":"publish","type":"post","link":"https:\/\/www.europesays.com\/fr\/365286\/","title":{"rendered":"Football. Un nouveau challenge en Turquie pour l\u2019ancien milieu de l\u2019AS Nancy Lorraine Youssef A\u00eft Bennasser"},"content":{"rendered":"<p>Il a disparu des radars en France mais Youssef A\u00eft Bennasser, le gamin de Toul Croix-de-Metz, form\u00e9 \u00e0 l\u2019ASNL et lanc\u00e9 chez les pros par Pablo Correa en 2015, continue sa belle carri\u00e8re en Turquie, depuis 2021. D\u00e9sormais \u00e2g\u00e9 de 29 ans, le milieu de terrain champion de France de Ligue 2 2016, avec Nancy, va conna\u00eetre son troisi\u00e8me club turc.<\/p>\n<p>Apr\u00e8s deux saisons <a href=\"https:\/\/www.estrepublicain.fr\/sport\/2023\/02\/09\/l-ex-joueur-de-l-as-nancy-lorraine-youssef-ait-bennasser-raconte-l-enfer-vecu-pres-de-l-epicentre-mon-immeuble-se-balancait-de-gauche-a-droite\" target=\"_blank\" rel=\"noopener\">\u00e0 Adanaspor<\/a> et deux saisons \u00e0\u00a0Samsunspor, <a href=\"https:\/\/www.estrepublicain.fr\/football\/2016\/06\/25\/asnl-ait-bennasser-a-monaco-c-est-fait\" target=\"_blank\" rel=\"noopener\">l\u2019ancien joueur de Monaco<\/a> et de Bordeaux est annonc\u00e9 \u00e0 Kayserispor, pensionnaire de premi\u00e8re division. Le Mercato n\u2019est pas encore ferm\u00e9 en Turquie. Un contrat de deux ans attend l\u2019international marocain <a href=\"https:\/\/www.estrepublicain.fr\/football\/2016\/03\/30\/ait-bennasser-(asnl)-de-retour-du-maroc-j-ai-recu-un-superbe-accueil\" target=\"_blank\" rel=\"noopener\">(24 s\u00e9lections entre\u00a02016 et\u00a02019)<\/a> qui a laiss\u00e9, du c\u00f4t\u00e9 de Nancy, l\u2019image d\u2019un joueur fin techniquement, capable de r\u00e9p\u00e9ter les efforts.<\/p>\n","protected":false},"excerpt":{"rendered":"Il a disparu des radars en France mais Youssef A\u00eft Bennasser, le gamin de Toul Croix-de-Metz, form\u00e9 \u00e0&hellip;\n","protected":false},"author":2,"featured_media":365287,"comment_status":"","ping_status":"","sticky":false,"template":"","format":"standard","meta":{"footnotes":""},"categories":[9635],"tags":[1111,11,3703,1704,1777,674,107,1701,17649,1795,63,1011,27,775,1702,1703,12,3456,25,517,1700],"class_list":{"0":"post-365286","1":"post","2":"type-post","3":"status-publish","4":"format-standard","5":"has-post-thumbnail","7":"category-nancy","8":"tag-actu","9":"tag-actualites","10":"tag-asnl","11":"tag-edition-nancy-et-agglomeration","12":"tag-eu","13":"tag-europe","14":"tag-fil-info","15":"tag-fil-info-sport","16":"tag-fil-print","17":"tag-fil-web","18":"tag-football","19":"tag-fr","20":"tag-france","21":"tag-grand-est","22":"tag-nancy","23":"tag-nancy-ville-54b","24":"tag-news","25":"tag-region-lorraine","26":"tag-republique-francaise","27":"tag-sport","28":"tag-sport-lorrain"},"share_on_mastodon":{"url":"https:\/\/pubeurope.com\/@fr\/115145178187810468","error":""},"_links":{"self":[{"href":"https:\/\/www.europesays.com\/fr\/wp-json\/wp\/v2\/posts\/365286","targetHints":{"allow":["GET"]}}],"collection":[{"href":"https:\/\/www.europesays.com\/fr\/wp-json\/wp\/v2\/posts"}],"about":[{"href":"https:\/\/www.europesays.com\/fr\/wp-json\/wp\/v2\/types\/post"}],"author":[{"embeddable":true,"href":"https:\/\/www.europesays.com\/fr\/wp-json\/wp\/v2\/users\/2"}],"replies":[{"embeddable":true,"href":"https:\/\/www.europesays.com\/fr\/wp-json\/wp\/v2\/comments?post=365286"}],"version-history":[{"count":0,"href":"https:\/\/www.europesays.com\/fr\/wp-json\/wp\/v2\/posts\/365286\/revisions"}],"wp:featuredmedia":[{"embeddable":true,"href":"https:\/\/www.europesays.com\/fr\/wp-json\/wp\/v2\/media\/365287"}],"wp:attachment":[{"href":"https:\/\/www.europesays.com\/fr\/wp-json\/wp\/v2\/media?parent=365286"}],"wp:term":[{"taxonomy":"category","embeddable":true,"href":"https:\/\/www.europesays.com\/fr\/wp-json\/wp\/v2\/categories?post=365286"},{"taxonomy":"post_tag","embeddable":true,"href":"https:\/\/www.europesays.com\/fr\/wp-json\/wp\/v2\/tags?post=365286"}],"curies":[{"name":"wp","href":"https:\/\/api.w.org\/{rel}","templated":true}]}}