{"id":365288,"date":"2025-09-04T08:52:21","date_gmt":"2025-09-04T08:52:21","guid":{"rendered":"https:\/\/www.europesays.com\/fr\/365288\/"},"modified":"2025-09-04T08:52:21","modified_gmt":"2025-09-04T08:52:21","slug":"envie-de-bouger-a-toulon-ce-week-end-5-7-septembre-voici-3-idees-de-sorties","status":"publish","type":"post","link":"https:\/\/www.europesays.com\/fr\/365288\/","title":{"rendered":"Envie de bouger \u00e0 Toulon ce week-end (5-7 septembre) ? Voici 3 id\u00e9es de sorties"},"content":{"rendered":"<p class=\"intro\">Ah, septembre qui pointe le bout de son nez avec ses temp\u00e9ratures encore douces et cette petite nostalgie de fin d&rsquo;\u00e9t\u00e9\u00a0! Ce week-end du 5 au 7 septembre, Toulon vous propose un programme \u00e9clectique qui devrait satisfaire tous les go\u00fbts\u00a0: des bougies romantiques, des rires garantis et de la grande musique classique. Entre humour d\u00e9cal\u00e9, magie cin\u00e9matographique et virtuosit\u00e9 instrumentale, il y en a pour tous les amoureux de culture. Alors, pr\u00eat \u00e0 sortir de votre canap\u00e9\u00a0?<\/p>\n<p class=\"mise_en_avant\"><strong>Pr\u00e9visions m\u00e9t\u00e9o ce week-end\u00a0:<\/strong> comptez sur des temp\u00e9ratures agr\u00e9ables autour de 26\u00b0C avec une petite averse vendredi, puis un temps plus cl\u00e9ment samedi et dimanche avec quelques nuages au programme.<\/p>\n<p>1\/ Candlelight\u00a0: Hommage \u00e0 Hans Zimmer &#8211; Une exp\u00e9rience cin\u00e9matographique \u00e0 la bougie<\/p>\n<p>\ud83c\udfbc Pr\u00e9parez-vous \u00e0 vivre une exp\u00e9rience sensorielle unique avec ce <a href=\"https:\/\/www.jds.fr\/toulon\/concerts\/candlelight-hommage-a-hans-zimmer-1129332_A\" rel=\"nofollow noopener\" target=\"_blank\">concert Candlelight Hommage \u00e0 Hans Zimmer \u00e0 Toulon<\/a> qui transforme l&rsquo;Espace Com\u00e9dia en cath\u00e9drale musicale \u00e9clair\u00e9e de milliers de bougies. Au programme\u00a0: les plus grandes bandes originales du ma\u00eetre allemand, de Pirates des Cara\u00efbes \u00e0 Inception, en passant par Gladiator et Le Roi Lion, interpr\u00e9t\u00e9es par un quatuor \u00e0 cordes. \u2728 Ce concert figure dans notre s\u00e9lection pour son atmosph\u00e8re magique qui transcende la simple \u00e9coute musicale.<\/p>\n<p>\ud83d\udca1 <strong>Notre conseil\u00a0:<\/strong> Arrivez 30 minutes \u00e0 l&rsquo;avance pour profiter pleinement de l&rsquo;ambiance feutr\u00e9e et choisir votre place (attribution par ordre d&rsquo;arriv\u00e9e). L&rsquo;exp\u00e9rience est encore plus saisissante depuis les premiers rangs\u00a0!<\/p>\n<p>\ud83d\udccd Espace Com\u00e9dia &#8211; Th\u00e9\u00e2tre de la M\u00e9diterran\u00e9e | Toulon<br \/>\ud83d\udcc5 Du 06\/09\/2025 au 29\/11\/2025<\/p>\n<p class=\"mise_en_avant\">\ud83d\udc49 <a href=\"https:\/\/www.jds.fr\/toulon\/concerts\/candlelight-hommage-a-hans-zimmer-1129332_A\" rel=\"nofollow noopener\" target=\"_blank\">Candlelight\u00a0: Hommage \u00e0 Hans Zimmer\u00a0: toutes les informations<\/a><\/p>\n<p><a class=\"btn btn-lg shadow-lg btn-primary rounded-pill fnac_link\" data-fnac=\"in_article\" href=\"https:\/\/pdt.tradedoubler.com\/click?a(3419081)p(354825)product(103801-257806)ttid(3)url(https%3A%2F%2Ffeverup.com%2Fm%2F257806)&amp;clickref=in_article-A-desktop\" target=\"_blank\" rel=\"nofollow noopener\"> Acheter des billets<\/a><\/p>\n<p><a data-lightbox=\"article\" data-title=\" DR\" class=\"image detail fullwidth\" href=\"https:\/\/www.jds.fr\/medias\/image\/candlelight-hommage-a-hans-zimmer-695695-1200-0-F.webp\" title=\" DR\" rel=\"nofollow noopener\" target=\"_blank\"><br \/>\n<img decoding=\"async\" loading=\"lazy\" src=\"https:\/\/www.europesays.com\/fr\/wp-content\/uploads\/2025\/09\/candlelight-hommage-a-hans-zimmer-695695-1200-0.webp.webp\"   alt=\"Candlelight : Hommage \u00e0 Hans Zimmer\" class=\"shortcode_image border\"\/><br \/>\n\u00a9 DR<br \/>\n<\/a>\n<\/p>\n<p>2\/ Une Envie Folle &#8211; Com\u00e9die d\u00e9capante au Caf\u00e9 Th\u00e9\u00e2tre<\/p>\n<p>\ud83d\ude02 Pour bien commencer ce week-end, rien de tel qu&rsquo;une bonne dose de rire avec cette <a href=\"https:\/\/www.jds.fr\/toulon\/spectacles\/humour\/une-envie-folle-807413_A\" rel=\"nofollow noopener\" target=\"_blank\">com\u00e9die Une Envie Folle au Caf\u00e9 Th\u00e9\u00e2tre de la Porte d&rsquo;Italie \u00e0 Toulon<\/a>. L&rsquo;histoire rocambolesque de Jean et Quentin, couple gay parisien qui veut un enfant avec l&rsquo;aide de Juliette, promet des rebondissements \u00e0 200 \u00e0 l&rsquo;heure entre quiproquos, r\u00e9v\u00e9lations et situations burlesques. \ud83c\udfad Cette pi\u00e8ce a retenu notre attention pour son humour moderne qui aborde avec finesse des sujets de soci\u00e9t\u00e9 actuels.<\/p>\n<p>\ud83d\udca1 <strong>Notre conseil\u00a0:<\/strong> Le Caf\u00e9 Th\u00e9\u00e2tre offre une proximit\u00e9 unique avec les artistes. N&rsquo;h\u00e9sitez pas \u00e0 r\u00e9server une table au plus pr\u00e8s de la sc\u00e8ne pour une exp\u00e9rience encore plus immersive\u00a0!<\/p>\n<p>\ud83d\udccd Caf\u00e9 Th\u00e9\u00e2tre De La Porte D&rsquo;italie | Toulon<br \/>\ud83d\udcc5 Le 05\/09\/2025<\/p>\n<p class=\"mise_en_avant\">\ud83d\udc49 <a href=\"https:\/\/www.jds.fr\/toulon\/spectacles\/humour\/une-envie-folle-807413_A\" rel=\"nofollow noopener\" target=\"_blank\">Une Envie Folle\u00a0: toutes les informations<\/a><\/p>\n<p><a class=\"btn btn-lg shadow-lg btn-primary rounded-pill fnac_link\" data-fnac=\"in_article\" href=\"https:\/\/www.awin1.com\/pclick.php?p=40300105107&amp;a=634278&amp;m=12494&amp;clickref=in_article-A-desktop\" target=\"_blank\" rel=\"nofollow noopener\"> Acheter des billets<\/a><\/p>\n<p>3\/ Concert Music\u00e2me \u00e0 l&rsquo;Eglise Saint Louis &#8211; Voyage musical universel<\/p>\n<p>\ud83c\udfbb Cl\u00f4turez ce vendredi en beaut\u00e9 avec ce <a href=\"https:\/\/www.jds.fr\/toulon\/concerts\/musique-classique\/concert-musicame-a-toulon-eglise-saint-louis-620295_A\" rel=\"nofollow noopener\" target=\"_blank\">concert Music\u00e2me \u00e0 l&rsquo;Eglise Saint Louis de Toulon<\/a>, un programme audacieux qui m\u00e9lange les genres avec \u00e9l\u00e9gance. De Vivaldi \u00e0 Queen, de Bach \u00e0 Armstrong, cette soir\u00e9e promet un voyage musical \u00e9clectique dans le cadre majestueux de l&rsquo;\u00e9glise Saint Louis. \ud83c\udfb5 Ce concert m\u00e9rite sa place dans notre s\u00e9lection pour son approche originale qui r\u00e9concilie musique classique et populaire.<\/p>\n<p>\ud83d\udca1 <strong>Notre conseil\u00a0:<\/strong> L&rsquo;acoustique exceptionnelle de l&rsquo;\u00e9glise Saint Louis sublimera chaque note. Arrivez quelques minutes \u00e0 l&rsquo;avance pour appr\u00e9cier l&rsquo;architecture du lieu et vous impr\u00e9gner de l&rsquo;atmosph\u00e8re sacr\u00e9e.<\/p>\n<p>\ud83d\udccd Eglise Saint Louis | Toulon<br \/>\ud83d\udcc5 Le 05\/09\/2025<\/p>\n<p class=\"mise_en_avant\">\ud83d\udc49 <a href=\"https:\/\/www.jds.fr\/toulon\/concerts\/musique-classique\/concert-musicame-a-toulon-eglise-saint-louis-620295_A\" rel=\"nofollow noopener\" target=\"_blank\">Concert Music\u00e2me \u00e0 Toulon \u2013 Eglise Saint Louis\u00a0: toutes les informations<\/a><\/p>\n<p><a data-lightbox=\"article\" data-title=\" \u00a9 Music\u00e2me France Production\" class=\"image detail fullwidth\" href=\"https:\/\/www.jds.fr\/medias\/image\/0.76371900-1753782321-684941-1200-0-F.webp\" title=\" \u00a9 Music\u00e2me France Production\" rel=\"nofollow noopener\" target=\"_blank\"><br \/>\n<img decoding=\"async\" loading=\"lazy\" src=\"https:\/\/www.europesays.com\/fr\/wp-content\/uploads\/2025\/09\/0.76371900-1753782321-684941-1200-0.webp.webp\"   alt=\"Concert Music\u00e2me \u00e0 Toulon \u2013 Eglise Saint Louis\" class=\"shortcode_image border\"\/><br \/>\n\u00a9 Music\u00e2me France Production<br \/>\n<\/a>\n<\/p>\n<p>Date de publication : le 03\/09\/2025.<\/p>\n<p class=\"font-size-30 fw-bold lh-1 mt-0 mb-4\">Je trouve les meilleures sorties dans ma ville<\/p>\n","protected":false},"excerpt":{"rendered":"Ah, septembre qui pointe le bout de son nez avec ses temp\u00e9ratures encore douces et cette petite nostalgie&hellip;\n","protected":false},"author":2,"featured_media":365289,"comment_status":"","ping_status":"","sticky":false,"template":"","format":"standard","meta":{"footnotes":""},"categories":[9619],"tags":[1111,11,1777,674,1011,27,12,882,25,2310],"class_list":{"0":"post-365288","1":"post","2":"type-post","3":"status-publish","4":"format-standard","5":"has-post-thumbnail","7":"category-toulon","8":"tag-actu","9":"tag-actualites","10":"tag-eu","11":"tag-europe","12":"tag-fr","13":"tag-france","14":"tag-news","15":"tag-provence-alpes-cote-dazur","16":"tag-republique-francaise","17":"tag-toulon"},"share_on_mastodon":{"url":"https:\/\/pubeurope.com\/@fr\/115145182959582219","error":""},"_links":{"self":[{"href":"https:\/\/www.europesays.com\/fr\/wp-json\/wp\/v2\/posts\/365288","targetHints":{"allow":["GET"]}}],"collection":[{"href":"https:\/\/www.europesays.com\/fr\/wp-json\/wp\/v2\/posts"}],"about":[{"href":"https:\/\/www.europesays.com\/fr\/wp-json\/wp\/v2\/types\/post"}],"author":[{"embeddable":true,"href":"https:\/\/www.europesays.com\/fr\/wp-json\/wp\/v2\/users\/2"}],"replies":[{"embeddable":true,"href":"https:\/\/www.europesays.com\/fr\/wp-json\/wp\/v2\/comments?post=365288"}],"version-history":[{"count":0,"href":"https:\/\/www.europesays.com\/fr\/wp-json\/wp\/v2\/posts\/365288\/revisions"}],"wp:featuredmedia":[{"embeddable":true,"href":"https:\/\/www.europesays.com\/fr\/wp-json\/wp\/v2\/media\/365289"}],"wp:attachment":[{"href":"https:\/\/www.europesays.com\/fr\/wp-json\/wp\/v2\/media?parent=365288"}],"wp:term":[{"taxonomy":"category","embeddable":true,"href":"https:\/\/www.europesays.com\/fr\/wp-json\/wp\/v2\/categories?post=365288"},{"taxonomy":"post_tag","embeddable":true,"href":"https:\/\/www.europesays.com\/fr\/wp-json\/wp\/v2\/tags?post=365288"}],"curies":[{"name":"wp","href":"https:\/\/api.w.org\/{rel}","templated":true}]}}