{"id":36529,"date":"2025-04-19T12:54:10","date_gmt":"2025-04-19T12:54:10","guid":{"rendered":"https:\/\/www.europesays.com\/fr\/36529\/"},"modified":"2025-04-19T12:54:10","modified_gmt":"2025-04-19T12:54:10","slug":"michel-cymes-les-deux-aliments-quil-a-bannis-pour-etre-en-bonne-sante","status":"publish","type":"post","link":"https:\/\/www.europesays.com\/fr\/36529\/","title":{"rendered":"Michel Cymes : les deux aliments qu&rsquo;il a bannis pour \u00eatre en bonne sant\u00e9"},"content":{"rendered":"<p>Michel Cymes discute fr\u00e9quemment de nutrition dans ses<br \/>\nprogrammes, ce qui a consid\u00e9rablement modifi\u00e9 ses propres habitudes<br \/>\n! En juillet 2023, lors d\u00a0\u00bbun \u00e9pisode des Pouvoirs extraordinaires<br \/>\ndu corps humain sur France 2, centr\u00e9 sur la r\u00e9volution du<br \/>\nmicrobiote, le c\u00e9l\u00e8bre m\u00e9decin avait d\u00e9cid\u00e9 de \u00ab\u00a0ne plus manger<br \/>\nde cochonneries.\u00a0\u00bb Le 5 juillet 2023, lors d&rsquo;une interview avec<br \/>\n<a href=\"https:\/\/www.programme-tv.net\/news\/tv\/331213-exclu-michel-cymes-bientot-dans-top-chef-a-66-ans-il-annonce-preparer-un-cap-cuisine\/\" target=\"_blank\" rel=\"nofollow noopener\">T\u00e9l\u00e9-Loisirs<\/a>, il<br \/>\navait confi\u00e9 : \u00ab\u00a0Il m&rsquo;arrivait de manger des desserts lact\u00e9s<br \/>\ncomme les Danette. J&rsquo;ai r\u00e9alis\u00e9 que les g\u00e9lifiants ne sont pas bons<br \/>\npour la sant\u00e9. Il en va de m\u00eame pour les petits pains au lait&#8230;<br \/>\nJ&rsquo;ai arr\u00eat\u00e9 tout cela.\u00a0\u00bb Tr\u00e8s attentif \u00e0 son <a href=\"https:\/\/www.closermag.fr\/people\/julie-andrieu-ancienne-ronde-cette-seule-et-unique-chose-qui-lui-a-fait-perdre-du-poids-3226900#item=1\" target=\"_blank\" rel=\"noopener\"><br \/>\nalimentation<\/a>, Michel Cymes avait expliqu\u00e9 : \u00ab\u00a0Avec l&rsquo;\u00e2ge, je<br \/>\nconsomme et fais consommer \u00e0 ma famille beaucoup plus de l\u00e9gumes et<br \/>\nde fruits&#8230; On se sent plus l\u00e9ger, on se sent mieux. Et si je peux<br \/>\n\u00e9viter de tomber malade, c&rsquo;est encore mieux !\u00a0\u00bb.<\/p>\n<blockquote class=\"embedly-card\" data-card-controls=\"1\" data-card-align=\"center\" data-card-theme=\"light\"><p>\n<a href=\"https:\/\/twitter.com\/France2tv\/status\/1676895542738026496\" target=\"_blank\" rel=\"noopener\">France<br \/>\ntv on X (formerly Twitter): \u00ab\u00a0Maux de ventre, d\u00e9pression, cancers,<br \/>\ndiab\u00e8te&#8230; : et si ces maladies naissaient dans notre #microbiote<br \/>\nintestinal ?Un num\u00e9ro in\u00e9dit de #PECH, avec Adriana Karembeu et<br \/>\nMichel Cymes, \u00e0 voir ce soir \u00e0 21h10 \ud83d\udc49 https:\/\/t.co\/4XxRMAjQQ1<br \/>\npic.twitter.com\/lk0g6iuz0O \/ X\u00a0\u00bb<\/a><\/p>\n<p>Maux de ventre, d\u00e9pression, cancers, diab\u00e8te&#8230; : et si ces<br \/>\nmaladies naissaient dans notre #microbiote intestinal ?Un num\u00e9ro<br \/>\nin\u00e9dit de #PECH, avec Adriana Karembeu et Michel Cymes, \u00e0 voir ce<br \/>\nsoir \u00e0 21h10 \ud83d\udc49 https:\/\/t.co\/4XxRMAjQQ1<br \/>\npic.twitter.com\/lk0g6iuz0O<\/p>\n<\/blockquote>\n<p>En toute transparence, c\u2019est alors qu\u2019il estime qu\u2019il pourrait<br \/>\nfaire mieux que l\u2019acolyte d\u2019<a href=\"https:\/\/www.closermag.fr\/bio-people\/biographie-adriana-karembeu-112360\" target=\"_blank\" rel=\"noopener\">Adriana\u00a0Karembeu<\/a>\u00a0a<br \/>\nconfi\u00e9 : \u00ab\u00a0<strong>Je sais que je consomme encore trop de viande<br \/>\nrouge et de charcuterie. \u00a0<\/strong>Je pourrais me faire une<br \/>\nc\u00f4te de b\u0153uf par jour avec de la sauce b\u00e9arnaise<br \/>\n!\u00a0Mais je sais que\u00a0c\u2019est pas bon\u00a0\u00bb, avant de<br \/>\nglisser : \u00ab\u00a0Et, en m\u00eame temps, j\u2019ai la chance d\u2019avoir un<br \/>\nm\u00e9tabolisme qui me permet\u00a0de,\u00a0tout en faisant un petit<br \/>\npeu attention \u00e0 varier mon alimentation, de ne pas prendre de<br \/>\npoids.\u00a0Et puis <strong>la notion de plaisir est essentielle<br \/>\npour moi. \u00a0<\/strong>Je\u00a0suis pas un moine, je prends<br \/>\nbeaucoup de plaisir \u00e0 manger et parfois \u00e0 boire un bon<br \/>\nvin.\u00a0\u00bb<\/p>\n<blockquote class=\"embedly-card\" data-card-controls=\"1\" data-card-align=\"center\" data-card-theme=\"light\"><p>\n<a href=\"https:\/\/www.youtube.com\/watch?v=WdHFWBXiAP8\" target=\"_blank\" rel=\"noopener\">Bien<br \/>\nmanger pour vivre mieux et plus longtemps &#8211; C \u00e0 Vous &#8211;<br \/>\n09\/05\/2023<\/a><\/p>\n<p>C \u00e0 vous \ud83d\udc49 https:\/\/bit.ly\/CaVousReplay C \u00e0 vous la suite \ud83d\udc49<br \/>\nhttps:\/\/bit.ly\/ReplayCaVousLaSuite &#8211; Abonnez-vous \u00e0 la cha\u00eene<br \/>\nYouTube de #C\u00e0Vous ! https:\/\/bit.ly\/2wPCDDa &#8211; Et retrouvez-nous sur<br \/>\n: | Notre site : https:\/\/www.france.tv\/france-5\/c-a-vous\/ |<br \/>\nFacebook : https:\/\/www.facebook.com\/cavousf5\/ | Twitter :<br \/>\nhttps:\/\/twitter.com\/CavousF5 | Instagram :<br \/>\nhttps:\/\/www.instagram.com\/c_a_vous\/ Invit\u00e9\u00b7es : Michel Cymes et<br \/>\nClaire Trommenschlager, di\u00e9t\u00e9ticienne nutritionniste * 12 le\u00e7ons<br \/>\npour body positiver !<\/p>\n<\/blockquote>\n<p>Michel Cymes mange moins de<br \/>\nproduits\u00a0transform\u00e9s<\/p>\n<p>Mardi 9 mai 2023, sur le plateau de C \u00e0 vous, sur France 5, le<br \/>\nc\u00e9l\u00e8bre m\u00e9decin avait expliqu\u00e9 qu\u2019il \u00e9tait important de cuisiner le<br \/>\nplus souvent possible soi-m\u00eame. \u00ab\u00a0<strong>Il y a trop de sucre<br \/>\ndans toute l&rsquo;alimentation ultra transform\u00e9e. \u00a0<\/strong>Il y a<br \/>\ntrop de sel dans toute l&rsquo;alimentation ultra transform\u00e9e.\u00a0Si<br \/>\nvous cuisiniez vous-m\u00eame vos produits, vous\u00a0allez\u00a0doser<br \/>\nle sucre comme vous le souhaitez et progressivement diminuer la<br \/>\ndose. Oui, \u00e7a demande un effort, financier surtout en ce<br \/>\nmoment, mais c&rsquo;est le prix \u00e0 payer pour pouvoir avoir une<br \/>\nsant\u00e9\u00a0\u00bb, avait-il indiqu\u00e9. Inquiet pour les jeunes, <a href=\"https:\/\/www.closermag.fr\/bio-people\/michel-cymes\" target=\"_blank\" rel=\"noopener\">Michel Cymes<\/a><br \/>\navait ajout\u00e9 : \u00ab\u00a0<strong>L&rsquo;\u00e9quilibre<br \/>\nalimentaire,\u00a0c&rsquo;est\u00a0pas juste pour se retrouver avec un<br \/>\npoids id\u00e9al<\/strong>, c&rsquo;est aussi pour augmenter son esp\u00e9rance de<br \/>\nvie. On est dans une catastrophe concernant les enfants.\u00a0\u00bb<\/p>\n<p><script async src=\"https:\/\/platform.twitter.com\/widgets.js\" charset=\"utf-8\"><\/script><script async src=\"\/\/www.instagram.com\/embed.js\"><\/script><\/p>\n","protected":false},"excerpt":{"rendered":"Michel Cymes discute fr\u00e9quemment de nutrition dans ses programmes, ce qui a consid\u00e9rablement modifi\u00e9 ses propres habitudes !&hellip;\n","protected":false},"author":2,"featured_media":36530,"comment_status":"","ping_status":"","sticky":false,"template":"","format":"standard","meta":{"footnotes":""},"categories":[1359],"tags":[58,59,1011,27,11712,973,6055],"class_list":{"0":"post-36529","1":"post","2":"type-post","3":"status-publish","4":"format-standard","5":"has-post-thumbnail","7":"category-people","8":"tag-divertissement","9":"tag-entertainment","10":"tag-fr","11":"tag-france","12":"tag-michel-cymes","13":"tag-people","14":"tag-republishing"},"share_on_mastodon":{"url":"https:\/\/pubeurope.com\/@fr\/114364734826229274","error":""},"_links":{"self":[{"href":"https:\/\/www.europesays.com\/fr\/wp-json\/wp\/v2\/posts\/36529","targetHints":{"allow":["GET"]}}],"collection":[{"href":"https:\/\/www.europesays.com\/fr\/wp-json\/wp\/v2\/posts"}],"about":[{"href":"https:\/\/www.europesays.com\/fr\/wp-json\/wp\/v2\/types\/post"}],"author":[{"embeddable":true,"href":"https:\/\/www.europesays.com\/fr\/wp-json\/wp\/v2\/users\/2"}],"replies":[{"embeddable":true,"href":"https:\/\/www.europesays.com\/fr\/wp-json\/wp\/v2\/comments?post=36529"}],"version-history":[{"count":0,"href":"https:\/\/www.europesays.com\/fr\/wp-json\/wp\/v2\/posts\/36529\/revisions"}],"wp:featuredmedia":[{"embeddable":true,"href":"https:\/\/www.europesays.com\/fr\/wp-json\/wp\/v2\/media\/36530"}],"wp:attachment":[{"href":"https:\/\/www.europesays.com\/fr\/wp-json\/wp\/v2\/media?parent=36529"}],"wp:term":[{"taxonomy":"category","embeddable":true,"href":"https:\/\/www.europesays.com\/fr\/wp-json\/wp\/v2\/categories?post=36529"},{"taxonomy":"post_tag","embeddable":true,"href":"https:\/\/www.europesays.com\/fr\/wp-json\/wp\/v2\/tags?post=36529"}],"curies":[{"name":"wp","href":"https:\/\/api.w.org\/{rel}","templated":true}]}}