{"id":365290,"date":"2025-09-04T08:53:11","date_gmt":"2025-09-04T08:53:11","guid":{"rendered":"https:\/\/www.europesays.com\/fr\/365290\/"},"modified":"2025-09-04T08:53:11","modified_gmt":"2025-09-04T08:53:11","slug":"ce-serait-un-echec-le-message-fort-de-villiere-rct-avant-la-reprise-du-top-14","status":"publish","type":"post","link":"https:\/\/www.europesays.com\/fr\/365290\/","title":{"rendered":"\u00a0\u00bbCe serait un \u00e9chec\u2026\u00a0\u00bb : le message fort de Villi\u00e8re (RCT) avant la reprise du TOP 14"},"content":{"rendered":"<p>                De la frustration \u00e0 l\u2019ambition assum\u00e9e<\/p>\n<p>\u00c0 quelques jours du coup d\u2019envoi de la saison 2025\/2026, le message est clair du c\u00f4t\u00e9 de la Rade. Apr\u00e8s une saison 2024\/2025 tr\u00e8s encourageante mais inachev\u00e9e, <strong>le RCT passe la vitesse sup\u00e9rieure.<\/strong><a class=\"inserer_lien_article\" href=\"https:\/\/www.lerugbynistere.fr\/news\/top-14-toulon-un-mercato-malin-et-un-groupe-revanchard-pour-briser-dix-ans-de-disette-0309251017.php\" data-id=\"46000\" data-route=\"app.article\" data-param=\"articleId\" ui-sref=\"app.article({articleId: 46000})\" alt=\"TOP 14. Toulon, un mercato malin et un groupe revanchard pour briser dix ans de disette\" title=\"TOP 14. Toulon, un mercato malin et un groupe revanchard pour briser dix ans de disette\" rel=\"nofollow noopener\" target=\"_blank\"><img decoding=\"async\" src=\"https:\/\/www.europesays.com\/fr\/wp-content\/uploads\/2025\/09\/rct-03-09-25-2753.jpg\" alt=\"TOP 14. Toulon, un mercato malin et un groupe revanchard pour briser dix ans de disette\"\/>TOP 14. Toulon, un mercato malin et un groupe revanchard pour briser dix ans de disette<\/a><\/p>\n<p>Et c\u2019est <a href=\"https:\/\/www.lerugbynistere.fr\/fiches-joueurs\/gabin-villiere.php\" ui-sref=\"app.player({playerId: 2076})\" alt=\"Gabin Villi\u00e8re\" data-route=\"app.player\" data-param=\"playerId\" data-id=\"2076\" rel=\"nofollow noopener\" target=\"_blank\">Gabin Villi\u00e8re<\/a>, l\u2019ailier du <a href=\"https:\/\/www.lerugbynistere.fr\/equipes-nationales\/xv-de-france.php\" ui-sref=\"app.team({teamId: 65})\" alt=\"XV de France\" data-route=\"app.team\" data-param=\"teamId\" data-id=\"65\" rel=\"nofollow noopener\" target=\"_blank\">XV de France<\/a> et cadre du vestiaire toulonnais, qui l\u2019affirme sans d\u00e9tours via <a href=\"https:\/\/www.lefigaro.fr\/sports\/rugby\/top-14\/top-14-toulon-veut-au-moins-aller-en-finale-previent-gabin-villiere-20250904\" target=\"_blank\" rel=\"nofollow noopener\">Le Figaro<\/a> : \u00ab\u00a0Ce serait un \u00e9chec de ne pas r\u00e9ussir \u00e0 aller en finale&#8230; Je dirais m\u00eame la gagner.\u00a0\u00bb Ambitieux ? Oui. D\u00e9connect\u00e9 ? Pas du tout.<\/p>\n<p>La saison pass\u00e9e, <strong>Toulon a retrouv\u00e9 des couleurs<\/strong>. Demi-finaliste du <a href=\"https:\/\/www.lerugbynistere.fr\/championnats\/top-14\" ui-sref=\"app.competition({competitionId: 1})\" alt=\"Top 14\" data-route=\"app.competition\" data-param=\"competitionId\" data-id=\"1\" rel=\"nofollow noopener\" target=\"_blank\">Top 14<\/a> apr\u00e8s plusieurs saisons \u00e0 ramer pour accrocher le top 6, le club varois a enfin recoll\u00e9 au wagon de t\u00eate. \u00ab\u00a0On s\u2019\u00e9tait remis en question la saison derni\u00e8re\u00a0\u00bb, confie Villi\u00e8re. Mais pas question de s\u2019endormir sur les lauriers d\u2019un printemps r\u00e9ussi : \u00ab\u00a0Ce n\u2019est pas parce qu\u2019on a fait demi-finale l\u2019ann\u00e9e derni\u00e8re que c\u2019est valid\u00e9 pour cette saison.\u00a0\u00bb Le message est pass\u00e9.<\/p>\n<p>Grandir, apprendre, viser juste<\/p>\n<p>Ce qui a manqu\u00e9 en fin de saison derni\u00e8re ? \u00ab\u00a0Un peu de carburant, d\u2019\u00e9nergie\u00a0\u00bb, reconna\u00eet l\u2019ailier. Toulon a fini \u00e0 court de jus, notamment face \u00e0 une UBB plus fra\u00eeche et plus tranchante (d\u00e9faite 39-24 en demie). <strong>La gestion de l\u2019effectif sera donc cruciale<\/strong> : turnover, profondeur de banc, et fra\u00eecheur mentale devront faire la diff\u00e9rence pour franchir ce fameux cap.<a class=\"inserer_lien_article\" href=\"https:\/\/www.lerugbynistere.fr\/news\/top-14-on-sera-plus-joueurs-cette-annee-brex-pour-prendre-la-releve-de-faingaanuku-au-rct-2808251627.php\" data-id=\"45950\" data-route=\"app.article\" data-param=\"articleId\" ui-sref=\"app.article({articleId: 45950})\" alt=\"TOP 14. &#039;&#039;On sera plus joueur cette ann\u00e9e&#039;&#039; : Brex, pour prendre la rel\u00e8ve de Fainga&#039;anuku au RCT\" title=\"TOP 14. &#039;&#039;On sera plus joueur cette ann\u00e9e&#039;&#039; : Brex, pour prendre la rel\u00e8ve de Fainga&#039;anuku au RCT\" rel=\"nofollow noopener\" target=\"_blank\"><img decoding=\"async\" src=\"https:\/\/www.europesays.com\/fr\/wp-content\/uploads\/2025\/09\/brex-a-toulon-28-08-25-9623.jpg\" alt=\"TOP 14. ''On sera plus joueur cette ann\u00e9e'' : Brex, pour prendre la rel\u00e8ve de Fainga'anuku au RCT\"\/>TOP 14. \u00a0\u00bbOn sera plus joueur cette ann\u00e9e\u00a0\u00bb : Brex, pour prendre la rel\u00e8ve de Fainga&rsquo;anuku au RCT<\/a>Et l\u2019Europe dans tout \u00e7a ? L\u00e0 aussi, le ton est donn\u00e9 : \u00ab\u00a0Notre objectif est \u00e9galement de faire mieux que la saison derni\u00e8re. On avait atteint les quarts de finale donc, au minimum, une demi-finale europ\u00e9enne.\u00a0\u00bb <strong>Le RCT veut redevenir une place forte du Vieux Continent<\/strong>. Le recrutement intelligent (Mercer, Ferte\u0301, etc.), la mont\u00e9e en puissance de jeunes JIFF, et la stabilit\u00e9 du staff nourrissent cette ambition.<\/p>\n<p>Mayol, place forte \u00e0 prot\u00e9ger<\/p>\n<p>Autre axe de progression : \u00ab\u00a0Garder Mayol inviol\u00e9.\u00a0\u00bb Villi\u00e8re insiste : faire de la citadelle varoise un bastion infranchissable sera un facteur cl\u00e9. Une mani\u00e8re aussi de forger un collectif conqu\u00e9rant, respect\u00e9 et surtout\u2026 redout\u00e9.<\/p>\n<p>Car oui, \u00ab\u00a0ne pas perdre \u00e0 domicile, c\u2019est aussi quelque chose d\u2019important\u2026 Nous sommes de nouveau pris au s\u00e9rieux\u00a0\u00bb, glisse Villi\u00e8re. Dans un Top 14 de plus en plus homog\u00e8ne, o\u00f9 tout va tr\u00e8s vite, <strong>rester dans le bon wagon exige rigueur et constance.<\/strong><a class=\"inserer_lien_article\" href=\"https:\/\/www.lerugbynistere.fr\/news\/top-14-1m91-pour-115kg-qui-est-ce-petit-gorgodze-qui-devrait-faire-du-bruit-a-toulon-cette-saison-1208251811.php\" data-id=\"45810\" data-route=\"app.article\" data-param=\"articleId\" ui-sref=\"app.article({articleId: 45810})\" alt=\"TOP 14. 1m91 pour 115kg : qui est ce &#039;&#039;petit Gorgodze&#039;&#039; qui devrait faire du bruit \u00e0 Toulon cette saison ?\" title=\"TOP 14. 1m91 pour 115kg : qui est ce &#039;&#039;petit Gorgodze&#039;&#039; qui devrait faire du bruit \u00e0 Toulon cette saison ?\" rel=\"nofollow noopener\" target=\"_blank\"><img decoding=\"async\" src=\"https:\/\/www.europesays.com\/fr\/wp-content\/uploads\/2025\/09\/yt-12-08-25-6262.jpg\" alt=\"TOP 14. 1m91 pour 115kg : qui est ce ''petit Gorgodze'' qui devrait faire du bruit \u00e0 Toulon cette saison ?\"\/>TOP 14. 1m91 pour 115kg : qui est ce \u00a0\u00bbpetit Gorgodze\u00a0\u00bb qui devrait faire du bruit \u00e0 Toulon cette saison ?<\/a>Toulon ne veut plus \u00ab\u00a0jouer la qualif\u00a0\u00bb \u00e0 la 26e journ\u00e9e. Toulon veut marquer les esprits. Et Gabin Villi\u00e8re l\u2019a dit : ce groupe veut \u00ab\u00a0ramener quelque chose\u00a0\u00bb.<\/p>\n","protected":false},"excerpt":{"rendered":"De la frustration \u00e0 l\u2019ambition assum\u00e9e \u00c0 quelques jours du coup d\u2019envoi de la saison 2025\/2026, le message&hellip;\n","protected":false},"author":2,"featured_media":365291,"comment_status":"","ping_status":"","sticky":false,"template":"","format":"standard","meta":{"footnotes":""},"categories":[9619],"tags":[1111,11,1777,674,1011,27,12,882,25,2310],"class_list":{"0":"post-365290","1":"post","2":"type-post","3":"status-publish","4":"format-standard","5":"has-post-thumbnail","7":"category-toulon","8":"tag-actu","9":"tag-actualites","10":"tag-eu","11":"tag-europe","12":"tag-fr","13":"tag-france","14":"tag-news","15":"tag-provence-alpes-cote-dazur","16":"tag-republique-francaise","17":"tag-toulon"},"share_on_mastodon":{"url":"https:\/\/pubeurope.com\/@fr\/115145186044189896","error":""},"_links":{"self":[{"href":"https:\/\/www.europesays.com\/fr\/wp-json\/wp\/v2\/posts\/365290","targetHints":{"allow":["GET"]}}],"collection":[{"href":"https:\/\/www.europesays.com\/fr\/wp-json\/wp\/v2\/posts"}],"about":[{"href":"https:\/\/www.europesays.com\/fr\/wp-json\/wp\/v2\/types\/post"}],"author":[{"embeddable":true,"href":"https:\/\/www.europesays.com\/fr\/wp-json\/wp\/v2\/users\/2"}],"replies":[{"embeddable":true,"href":"https:\/\/www.europesays.com\/fr\/wp-json\/wp\/v2\/comments?post=365290"}],"version-history":[{"count":0,"href":"https:\/\/www.europesays.com\/fr\/wp-json\/wp\/v2\/posts\/365290\/revisions"}],"wp:featuredmedia":[{"embeddable":true,"href":"https:\/\/www.europesays.com\/fr\/wp-json\/wp\/v2\/media\/365291"}],"wp:attachment":[{"href":"https:\/\/www.europesays.com\/fr\/wp-json\/wp\/v2\/media?parent=365290"}],"wp:term":[{"taxonomy":"category","embeddable":true,"href":"https:\/\/www.europesays.com\/fr\/wp-json\/wp\/v2\/categories?post=365290"},{"taxonomy":"post_tag","embeddable":true,"href":"https:\/\/www.europesays.com\/fr\/wp-json\/wp\/v2\/tags?post=365290"}],"curies":[{"name":"wp","href":"https:\/\/api.w.org\/{rel}","templated":true}]}}