{"id":365292,"date":"2025-09-04T08:54:11","date_gmt":"2025-09-04T08:54:11","guid":{"rendered":"https:\/\/www.europesays.com\/fr\/365292\/"},"modified":"2025-09-04T08:54:11","modified_gmt":"2025-09-04T08:54:11","slug":"insolite-quand-le-maire-joue-les-guides-et-fait-decouvrir-montpellier-aux-etudiants-en-architecture","status":"publish","type":"post","link":"https:\/\/www.europesays.com\/fr\/365292\/","title":{"rendered":"Insolite\u00a0: quand le maire joue les guides et fait d\u00e9couvrir Montpellier aux \u00e9tudiants en architecture"},"content":{"rendered":"<p>\n                                                                Le maire de Montpellier a fait un tour de l\u2019\u00c9cusson avec 120 \u00e9tudiants en architecture.\n                            <\/p>\n<p>Les \u00e9tudiants de premi\u00e8re ann\u00e9e de l\u2019\u00e9cole d\u2019architecture ont eu droit \u00e0 une visite guid\u00e9e de la ville tr\u00e8s sp\u00e9ciale mercredi 3\u00a0septembre. C\u2019est le maire en personne, Micha\u00ebl Delafosse, qui a jou\u00e9 les guides dans les ruelles de l\u2019\u00c9cusson pour ces 120 \u00e9tudiants de L1.<\/p>\n<p>Sur la place des Martyrs-de-la-R\u00e9sistance<\/p>\n<p>Vantant le projet de requalification en cours de la place des Martyrs-de-la-R\u00e9sistance, l\u2019\u00e9lu a \u00e9voqu\u00e9 les am\u00e9nagements dessin\u00e9s par Jacqueline Osty, Grand Prix de l\u2019Urbanisme 2020. Un discours couvert en partie par le bruit incessant des marteaux-piqueurs. Les ouvriers s\u2019activent avant l\u2019inauguration de la place et de ses 140 jets d\u2019eau le 26\u00a0novembre prochain.<\/p>\n","protected":false},"excerpt":{"rendered":"Le maire de Montpellier a fait un tour de l\u2019\u00c9cusson avec 120 \u00e9tudiants en architecture. Les \u00e9tudiants de&hellip;\n","protected":false},"author":2,"featured_media":365293,"comment_status":"","ping_status":"","sticky":false,"template":"","format":"standard","meta":{"footnotes":""},"categories":[9599],"tags":[1111,11,1777,674,1011,27,2208,12,2680,25],"class_list":{"0":"post-365292","1":"post","2":"type-post","3":"status-publish","4":"format-standard","5":"has-post-thumbnail","7":"category-montpellier","8":"tag-actu","9":"tag-actualites","10":"tag-eu","11":"tag-europe","12":"tag-fr","13":"tag-france","14":"tag-montpellier","15":"tag-news","16":"tag-occitanie","17":"tag-republique-francaise"},"share_on_mastodon":{"url":"https:\/\/pubeurope.com\/@fr\/115145189920880665","error":""},"_links":{"self":[{"href":"https:\/\/www.europesays.com\/fr\/wp-json\/wp\/v2\/posts\/365292","targetHints":{"allow":["GET"]}}],"collection":[{"href":"https:\/\/www.europesays.com\/fr\/wp-json\/wp\/v2\/posts"}],"about":[{"href":"https:\/\/www.europesays.com\/fr\/wp-json\/wp\/v2\/types\/post"}],"author":[{"embeddable":true,"href":"https:\/\/www.europesays.com\/fr\/wp-json\/wp\/v2\/users\/2"}],"replies":[{"embeddable":true,"href":"https:\/\/www.europesays.com\/fr\/wp-json\/wp\/v2\/comments?post=365292"}],"version-history":[{"count":0,"href":"https:\/\/www.europesays.com\/fr\/wp-json\/wp\/v2\/posts\/365292\/revisions"}],"wp:featuredmedia":[{"embeddable":true,"href":"https:\/\/www.europesays.com\/fr\/wp-json\/wp\/v2\/media\/365293"}],"wp:attachment":[{"href":"https:\/\/www.europesays.com\/fr\/wp-json\/wp\/v2\/media?parent=365292"}],"wp:term":[{"taxonomy":"category","embeddable":true,"href":"https:\/\/www.europesays.com\/fr\/wp-json\/wp\/v2\/categories?post=365292"},{"taxonomy":"post_tag","embeddable":true,"href":"https:\/\/www.europesays.com\/fr\/wp-json\/wp\/v2\/tags?post=365292"}],"curies":[{"name":"wp","href":"https:\/\/api.w.org\/{rel}","templated":true}]}}