{"id":365296,"date":"2025-09-04T08:59:11","date_gmt":"2025-09-04T08:59:11","guid":{"rendered":"https:\/\/www.europesays.com\/fr\/365296\/"},"modified":"2025-09-04T08:59:11","modified_gmt":"2025-09-04T08:59:11","slug":"celine-krief-chasseuse-de-tete","status":"publish","type":"post","link":"https:\/\/www.europesays.com\/fr\/365296\/","title":{"rendered":"C\u00e9line Krief, chasseuse de t\u00eate"},"content":{"rendered":"<p>Bas\u00e9 \u00e0 Rouen, CELINK est un cabinet qui agit \u00e0 la crois\u00e9e du recrutement et du coaching professionnel. Fond\u00e9 par C\u00e9line Krief, CELINK met en relation des entreprises en qu\u00eate de profils cibl\u00e9s avec des candidats en transition professionnelle.<\/p>\n<p>CELINK, le lien entre talents et entreprises<\/p>\n<p>Le cabinet est connu pour son expertise en chasse de talents, souvent appel\u00e9e \u00ab\u00a0chasseuse de t\u00eate\u00a0\u00bb, le\u00a0 m\u00e9tier de C\u00e9line consiste \u00e0 d\u00e9nicher pour ses clients des profils rares et adapt\u00e9s \u00e0 leurs exigences. Elle insiste sur l\u2019aspect humain et la transparence de cette activit\u00e9, loin des clich\u00e9s effrayants associ\u00e9s au terme.<\/p>\n<p>Par ailleurs, CELINK propose un accompagnement d\u2019outplacement. Ce service soutient les cadres et managers dans leur reconversion, financ\u00e9 par les entreprises, avant m\u00eame la rupture du contrat de travail. L\u2019objectif est d\u2019aider \u00e0 lever les freins, \u00e0 repenser son projet professionnel et \u00e0 se repositionner sur le march\u00e9 de l\u2019emploi avec confiance.<\/p>\n<p>Avec sa devise \u00ab\u00a0Trouvez vos talents et acc\u00e9l\u00e9rez vos r\u00e9ussites\u00a0\u00bb, C\u00e9line Krief veut incarner ce lien d\u2019accompagnement global entre entreprises et individus. Un service personnalis\u00e9 qui fait sens dans une \u00e9conomie o\u00f9 le capital humain est plus que jamais cl\u00e9.<\/p>\n<p><a target=\"_blank\" rel=\"nofollow noopener noreferrer\" class=\"IciLink ici-link IciArticleLink g-ici-body-regular-1 underline brand svelte-lu7k6w\" href=\"https:\/\/www.celink.fr\/\">CELINK, Cabinet de Recrutement Outplacement Cadres Directeurs<\/a><\/p>\n","protected":false},"excerpt":{"rendered":"Bas\u00e9 \u00e0 Rouen, CELINK est un cabinet qui agit \u00e0 la crois\u00e9e du recrutement et du coaching professionnel.&hellip;\n","protected":false},"author":2,"featured_media":365297,"comment_status":"","ping_status":"","sticky":false,"template":"","format":"standard","meta":{"footnotes":""},"categories":[9587],"tags":[1111,11,1777,674,1011,27,12,5161,25,9590],"class_list":{"0":"post-365296","1":"post","2":"type-post","3":"status-publish","4":"format-standard","5":"has-post-thumbnail","7":"category-rouen","8":"tag-actu","9":"tag-actualites","10":"tag-eu","11":"tag-europe","12":"tag-fr","13":"tag-france","14":"tag-news","15":"tag-normandie","16":"tag-republique-francaise","17":"tag-rouen"},"share_on_mastodon":{"url":"https:\/\/pubeurope.com\/@fr\/115145209570590617","error":""},"_links":{"self":[{"href":"https:\/\/www.europesays.com\/fr\/wp-json\/wp\/v2\/posts\/365296","targetHints":{"allow":["GET"]}}],"collection":[{"href":"https:\/\/www.europesays.com\/fr\/wp-json\/wp\/v2\/posts"}],"about":[{"href":"https:\/\/www.europesays.com\/fr\/wp-json\/wp\/v2\/types\/post"}],"author":[{"embeddable":true,"href":"https:\/\/www.europesays.com\/fr\/wp-json\/wp\/v2\/users\/2"}],"replies":[{"embeddable":true,"href":"https:\/\/www.europesays.com\/fr\/wp-json\/wp\/v2\/comments?post=365296"}],"version-history":[{"count":0,"href":"https:\/\/www.europesays.com\/fr\/wp-json\/wp\/v2\/posts\/365296\/revisions"}],"wp:featuredmedia":[{"embeddable":true,"href":"https:\/\/www.europesays.com\/fr\/wp-json\/wp\/v2\/media\/365297"}],"wp:attachment":[{"href":"https:\/\/www.europesays.com\/fr\/wp-json\/wp\/v2\/media?parent=365296"}],"wp:term":[{"taxonomy":"category","embeddable":true,"href":"https:\/\/www.europesays.com\/fr\/wp-json\/wp\/v2\/categories?post=365296"},{"taxonomy":"post_tag","embeddable":true,"href":"https:\/\/www.europesays.com\/fr\/wp-json\/wp\/v2\/tags?post=365296"}],"curies":[{"name":"wp","href":"https:\/\/api.w.org\/{rel}","templated":true}]}}