{"id":365298,"date":"2025-09-04T09:00:12","date_gmt":"2025-09-04T09:00:12","guid":{"rendered":"https:\/\/www.europesays.com\/fr\/365298\/"},"modified":"2025-09-04T09:00:12","modified_gmt":"2025-09-04T09:00:12","slug":"un-train-percute-une-personne-entre-lyon-et-grenoble-le-trafic-stoppe-durgence","status":"publish","type":"post","link":"https:\/\/www.europesays.com\/fr\/365298\/","title":{"rendered":"un train percute une personne entre Lyon et Grenoble, le trafic stopp\u00e9 d&rsquo;urgence"},"content":{"rendered":"<p>            Par<br \/>\n        <strong><br \/>\n            <a href=\"https:\/\/actu.fr\/auteur\/lisa-rodrigues\" title=\"Consulter tous les articles de Lisa Rodrigues\" rel=\"nofollow noopener\" target=\"_blank\">Lisa Rodrigues<\/a><br \/>\n        <\/strong><\/p>\n<p>        Publi\u00e9 le<\/p>\n<p>            4 sept. 2025 \u00e0 10h21        <\/p>\n<p>Le trafic sur la ligne SNCF entre <a href=\"https:\/\/actu.fr\/lyon\/\" rel=\"nofollow noopener\" target=\"_blank\">Lyon<\/a> et <a href=\"https:\/\/actu.fr\/auvergne-rhone-alpes\/grenoble_38185\" rel=\"nofollow noopener\" target=\"_blank\">Grenoble<\/a> est <strong>compl\u00e8tement interrompu<\/strong> depuis un peu plus de 9h30, jeudi 4 septembre. Un accident s\u2019est produit sur un passage \u00e0 niveau sur la mont\u00e9e de la Ladri\u00e8re \u00e0 Saint-Alban-de-Roche, pr\u00e8s de Bourgoin-Jallieu.<\/p>\n<p>    <a href=\"https:\/\/www.google.com\/maps\/embed?pb=!1m14!1m12!1m3!1d1522.2437298361863!2d5.232829601655945!3d45.59441936079363!2m3!1f0!2f0!3f0!3m2!1i1024!2i768!4f13.1!5e0!3m2!1sfr!2sfr!4v1756973420278!5m2!1sfr!2sfr\" title=\"Ouvrie le lien\" rel=\"nofollow noopener\" target=\"_blank\">Cliquez ici pour visualiser le contenu<\/a><\/p>\n<p class=\" wall-content\">Une <strong>personne a \u00e9t\u00e9 percut\u00e9e par un train<\/strong> sur le passage \u00e0 niveau. Les sapeurs-pompiers sont actuellement sur place.<\/p>\n<p class=\" wall-content\">\n<p>Trains supprim\u00e9s toute la matin\u00e9e<\/p>\n<p class=\" wall-content\">D\u2019apr\u00e8s les estimations de la SNCF, la circulation des trains est coup\u00e9e dans les deux sens sur la ligne Lyon-Grenoble et ne doit <strong>reprendre vers 12 heures<\/strong>.<\/p>\n<p class=\" wall-content\">En gare de <a href=\"https:\/\/actu.fr\/auvergne-rhone-alpes\/bourgoin-jallieu_38053\" rel=\"nofollow noopener\" target=\"_blank\">Bourgoin-Jallieu<\/a>, quasiment tous les trains de la matin\u00e9e ont \u00e9t\u00e9 supprim\u00e9s. En direction de Lyon ou de Saint-Andr\u00e9-le-Gaz sur la ligne Lyon-Chamb\u00e9ry, quelques TER annoncent un retard de deux heures.<\/p>\n<p class=\" wall-content\">Personnalisez votre actualit\u00e9 en ajoutant vos villes et m\u00e9dias en favori avec <a href=\"https:\/\/moncompte.actu.fr\" title=\"D\u00e9couvez Mon Actu\" rel=\"nofollow noopener\" data-trk=\"{&quot;cta&quot;:{&quot;action&quot;:&quot;https:\\\/\\\/moncompte.actu.fr&quot;,&quot;category&quot;:&quot;mon compte&quot;,&quot;from&quot;:&quot;article footer&quot;,&quot;name&quot;:&quot;Mon actu&quot;,&quot;type&quot;:&quot;cta&quot;}}\" target=\"_blank\">Mon Actu<\/a>.<\/p>\n","protected":false},"excerpt":{"rendered":"Par Lisa Rodrigues Publi\u00e9 le 4 sept. 2025 \u00e0 10h21 Le trafic sur la ligne SNCF entre Lyon&hellip;\n","protected":false},"author":2,"featured_media":136403,"comment_status":"","ping_status":"","sticky":false,"template":"","format":"standard","meta":{"footnotes":""},"categories":[9566],"tags":[1111,11,2430,1777,674,118,1011,27,2731,12,25],"class_list":{"0":"post-365298","1":"post","2":"type-post","3":"status-publish","4":"format-standard","5":"has-post-thumbnail","7":"category-grenoble","8":"tag-actu","9":"tag-actualites","10":"tag-auvergne-rhone-alpes","11":"tag-eu","12":"tag-europe","13":"tag-faits-divers","14":"tag-fr","15":"tag-france","16":"tag-grenoble","17":"tag-news","18":"tag-republique-francaise"},"share_on_mastodon":{"url":"https:\/\/pubeurope.com\/@fr\/115145213493203027","error":""},"_links":{"self":[{"href":"https:\/\/www.europesays.com\/fr\/wp-json\/wp\/v2\/posts\/365298","targetHints":{"allow":["GET"]}}],"collection":[{"href":"https:\/\/www.europesays.com\/fr\/wp-json\/wp\/v2\/posts"}],"about":[{"href":"https:\/\/www.europesays.com\/fr\/wp-json\/wp\/v2\/types\/post"}],"author":[{"embeddable":true,"href":"https:\/\/www.europesays.com\/fr\/wp-json\/wp\/v2\/users\/2"}],"replies":[{"embeddable":true,"href":"https:\/\/www.europesays.com\/fr\/wp-json\/wp\/v2\/comments?post=365298"}],"version-history":[{"count":0,"href":"https:\/\/www.europesays.com\/fr\/wp-json\/wp\/v2\/posts\/365298\/revisions"}],"wp:featuredmedia":[{"embeddable":true,"href":"https:\/\/www.europesays.com\/fr\/wp-json\/wp\/v2\/media\/136403"}],"wp:attachment":[{"href":"https:\/\/www.europesays.com\/fr\/wp-json\/wp\/v2\/media?parent=365298"}],"wp:term":[{"taxonomy":"category","embeddable":true,"href":"https:\/\/www.europesays.com\/fr\/wp-json\/wp\/v2\/categories?post=365298"},{"taxonomy":"post_tag","embeddable":true,"href":"https:\/\/www.europesays.com\/fr\/wp-json\/wp\/v2\/tags?post=365298"}],"curies":[{"name":"wp","href":"https:\/\/api.w.org\/{rel}","templated":true}]}}