{"id":365303,"date":"2025-09-04T09:03:10","date_gmt":"2025-09-04T09:03:10","guid":{"rendered":"https:\/\/www.europesays.com\/fr\/365303\/"},"modified":"2025-09-04T09:03:10","modified_gmt":"2025-09-04T09:03:10","slug":"un-detenu-gravement-brule-par-lincendie-de-sa-cellule","status":"publish","type":"post","link":"https:\/\/www.europesays.com\/fr\/365303\/","title":{"rendered":"Un d\u00e9tenu gravement br\u00fbl\u00e9 par l\u2019incendie de sa cellule"},"content":{"rendered":"<p>Il \u00e9tait environ 23 heures mercredi 3\u00a0septembre quand les \u00e9quipes du centre p\u00e9nitentiaire de Rennes-Vezin ont \u00e9t\u00e9 d\u00e9ploy\u00e9es pour <a href=\"https:\/\/www.20minutes.fr\/faits_divers\/faits-divers-paris\/4170396-20250831-paris-detenu-carbonise-cellule-prison-sante\" class=\"c-link c-link--is-underlined\" target=\"_blank\" rel=\"noopener\">un feu de cellule<\/a>. Le personnel de la <a href=\"https:\/\/www.20minutes.fr\/dossier\/prison\" class=\"c-link c-link--is-underlined\" target=\"_blank\" rel=\"noopener\">prison <\/a>est intervenu \u00e9quip\u00e9 de masques respiratoires et de d\u00e9fibrillateur pour \u00ab\u00a0porter secours \u00e0 l\u2019int\u00e9ress\u00e9\u00a0\u00bb, explique l\u2019administration p\u00e9nitentiaire, qui pr\u00e9cise que l\u2019homme \u00e9tait \u00ab\u00a0<a href=\"https:\/\/www.20minutes.fr\/societe\/4151327-20250501-prisons-population-carcerale-bat-nouveau-record-pres-83-000-detenus\" class=\"c-link c-link--is-underlined\" target=\"_blank\" rel=\"noopener\">seul dans sa cellule<\/a>\u00a0\u00bb.<\/p>\n<p>Les pompiers ont \u00e9t\u00e9 alert\u00e9s et ont pris en charge cet homme \u00e2g\u00e9 de 21 ans. Gravement br\u00fbl\u00e9, il a \u00e9t\u00e9 transport\u00e9 en urgence absolue vers le CHU Pontchaillou. D\u2019apr\u00e8s l\u2019administration p\u00e9nitentiaire, le d\u00e9tenu avait \u00ab\u00a0volontairement allum\u00e9\u00a0\u00bb le feu dans sa cellule.<\/p>\n<\/p>\n<p>Le secteur o\u00f9 l\u2019incendie s\u2019est d\u00e9clar\u00e9 a \u00e9t\u00e9 s\u00e9curis\u00e9 par le personnel de la prison. En\u00a02024, environ 900 personnes <a href=\"https:\/\/www.20minutes.fr\/justice\/4017222-20230104-rennes-patronne-avocats-prison-denoncer-surpopulation\" class=\"c-link c-link--is-underlined\" target=\"_blank\" rel=\"noopener\">\u00e9taient incarc\u00e9r\u00e9es \u00e0 Rennes-Vezin<\/a>, prison inaugur\u00e9e en\u00a02010 et pr\u00e9vue pour accueillir 690 d\u00e9tenus.<\/p>\n","protected":false},"excerpt":{"rendered":"Il \u00e9tait environ 23 heures mercredi 3\u00a0septembre quand les \u00e9quipes du centre p\u00e9nitentiaire de Rennes-Vezin ont \u00e9t\u00e9 d\u00e9ploy\u00e9es&hellip;\n","protected":false},"author":2,"featured_media":365304,"comment_status":"","ping_status":"","sticky":false,"template":"","format":"standard","meta":{"footnotes":""},"categories":[2821],"tags":[1111,47,11,829,17316,1777,674,118,7641,1312,1011,27,848,1310,12,806,584,25,9232],"class_list":{"0":"post-365303","1":"post","2":"type-post","3":"status-publish","4":"format-standard","5":"has-post-thumbnail","7":"category-rennes","8":"tag-actu","9":"tag-actualite","10":"tag-actualites","11":"tag-bretagne","12":"tag-detenus","13":"tag-eu","14":"tag-europe","15":"tag-faits-divers","16":"tag-faits-divers-rennes","17":"tag-feu","18":"tag-fr","19":"tag-france","20":"tag-ille-et-vilaine","21":"tag-incendie","22":"tag-news","23":"tag-prison","24":"tag-rennes","25":"tag-republique-francaise","26":"tag-surpopulation-carcerale"},"share_on_mastodon":{"url":"https:\/\/pubeurope.com\/@fr\/115145225253288335","error":""},"_links":{"self":[{"href":"https:\/\/www.europesays.com\/fr\/wp-json\/wp\/v2\/posts\/365303","targetHints":{"allow":["GET"]}}],"collection":[{"href":"https:\/\/www.europesays.com\/fr\/wp-json\/wp\/v2\/posts"}],"about":[{"href":"https:\/\/www.europesays.com\/fr\/wp-json\/wp\/v2\/types\/post"}],"author":[{"embeddable":true,"href":"https:\/\/www.europesays.com\/fr\/wp-json\/wp\/v2\/users\/2"}],"replies":[{"embeddable":true,"href":"https:\/\/www.europesays.com\/fr\/wp-json\/wp\/v2\/comments?post=365303"}],"version-history":[{"count":0,"href":"https:\/\/www.europesays.com\/fr\/wp-json\/wp\/v2\/posts\/365303\/revisions"}],"wp:featuredmedia":[{"embeddable":true,"href":"https:\/\/www.europesays.com\/fr\/wp-json\/wp\/v2\/media\/365304"}],"wp:attachment":[{"href":"https:\/\/www.europesays.com\/fr\/wp-json\/wp\/v2\/media?parent=365303"}],"wp:term":[{"taxonomy":"category","embeddable":true,"href":"https:\/\/www.europesays.com\/fr\/wp-json\/wp\/v2\/categories?post=365303"},{"taxonomy":"post_tag","embeddable":true,"href":"https:\/\/www.europesays.com\/fr\/wp-json\/wp\/v2\/tags?post=365303"}],"curies":[{"name":"wp","href":"https:\/\/api.w.org\/{rel}","templated":true}]}}