{"id":365305,"date":"2025-09-04T09:04:11","date_gmt":"2025-09-04T09:04:11","guid":{"rendered":"https:\/\/www.europesays.com\/fr\/365305\/"},"modified":"2025-09-04T09:04:11","modified_gmt":"2025-09-04T09:04:11","slug":"toute-lactu-top-music-le-campus-de-strasbourg-fete-la-rentree-avec-ses-welcome-days","status":"publish","type":"post","link":"https:\/\/www.europesays.com\/fr\/365305\/","title":{"rendered":"Toute l&rsquo;actu Top Music &#8211; Le campus de Strasbourg f\u00eate la rentr\u00e9e avec ses Welcome Days"},"content":{"rendered":"<p><img decoding=\"async\" class=\"\" style=\"width:100%\" src=\"https:\/\/www.europesays.com\/fr\/wp-content\/uploads\/2025\/09\/ima1756974519131.webp.webp\" alt=\"Village solidaire sur le campus de Strasbourg\"\/><\/p>\n<p>Village solidaire sur le campus de Strasbourg<\/p>\n<p>Cr\u00e9dit : Lucie Jacquemin<\/p>\n<p>Pour cette premi\u00e8re semaine de rentr\u00e9e, le <strong>campus de Strasbourg<\/strong> accueille les nouveaux \u00e9tudiants avec un village. Au niveau de la facult\u00e9 de droit, des <strong>stands et des associations proposent et conseillent \u00e9tudiants<\/strong>. Chaque jour, de <strong>nouveaux stands sont pr\u00e9sents<\/strong>. \u00ab C\u2019est pour commencer la rentr\u00e9e de la meilleure des mani\u00e8res possibles. Et pour donner toutes les chances aux \u00e9tudiants \u00bb, explique Emilien Mantel, chef de service adjoint au service de la vie universitaire de Strasbourg.<\/p>\n<p><strong>Village \u00c9co-solidaire<\/strong><\/p>\n<p>Ce mercredi 3 septembre, les \u00e9tudiants ont pu faire de bonnes affaires. <strong>Emma\u00fcs, V\u00e9lop ou encore le Secours populaire <\/strong>proposaient des v\u00eatements, vaisselles, ordinateurs ou v\u00e9los<strong>\u00a0\u00e0 prix cass\u00e9s.<\/strong> Sara a 20 ans, elle vient \u00e0 chacune de ses rentr\u00e9es depuis 3 ans. \u00ab On peut d\u00e9couvrir des associations et m\u00eame des id\u00e9es pour l\u2019ann\u00e9e qui vient \u00bb, affirme l\u2019\u00e9tudiante en biologie. Pour Tesa, 19 ans, c\u2019est sa premi\u00e8re ann\u00e9e \u00e0 Strasbourg. \u00ab Je suis venue parce que ce sont des \u00e9v\u00e9nements o\u00f9 l\u2019on peut faire des rencontres et de bonnes affaires, et \u00e7a permet de se familiariser avec l\u2019environnement. \u00bb<\/p>\n<p><strong>Les animations de la semaine<\/strong><\/p>\n<p>Mardi, dans ce village \u00e9tudiant, c\u2019est la vie sur le campus qui \u00e9tait au centre des animations. Les services universitaires \u00e9taient pr\u00e9sents afin d\u2019aiguiller les nouveaux arrivants sur le campus. <strong>Ce jeudi,<\/strong> ce sont les <strong>associations <\/strong>qui guident les jeunes. Un campus alternatif se tient aussi ce jeudi soir. Une rentr\u00e9e <strong>en musique avec un concert \u00e0 La Pokop, de 17h30 \u00e0 23h.<\/strong>\u00a0 Ce vendredi sur le village du campus, le th\u00e8me abord\u00e9 sera la pr\u00e9vention et l\u2019information.<\/p>\n<p>Pour plus d\u2019animations : <a href=\"https:\/\/bienvenue.unistra.fr\/les-evenements-de-decouverte-de-luniversite\" rel=\"nofollow noopener\" target=\"_blank\">Les \u00e9v\u00e9nements de d\u00e9couverte de l&rsquo;universit\u00e9 &#8211; Bienvenue \u00e0 l&rsquo;Universit\u00e9 de Strasbourg<\/a><\/p>\n<p>\u00a0<\/p>\n","protected":false},"excerpt":{"rendered":"Village solidaire sur le campus de Strasbourg Cr\u00e9dit : Lucie Jacquemin Pour cette premi\u00e8re semaine de rentr\u00e9e, le&hellip;\n","protected":false},"author":2,"featured_media":365306,"comment_status":"","ping_status":"","sticky":false,"template":"","format":"standard","meta":{"footnotes":""},"categories":[2820],"tags":[1111,11,2389,1063,2649,13701,7078,6379,1777,674,1011,27,775,4074,12,28313,25,640,5768,6456],"class_list":{"0":"post-365305","1":"post","2":"type-post","3":"status-publish","4":"format-standard","5":"has-post-thumbnail","7":"category-strasbourg","8":"tag-actu","9":"tag-actualites","10":"tag-alsace","11":"tag-animations","12":"tag-bas-rhin","13":"tag-campus","14":"tag-etude","15":"tag-etudiants","16":"tag-eu","17":"tag-europe","18":"tag-fr","19":"tag-france","20":"tag-grand-est","21":"tag-jeunes","22":"tag-news","23":"tag-rentree","24":"tag-republique-francaise","25":"tag-strasbourg","26":"tag-universite","27":"tag-village"},"share_on_mastodon":{"url":"https:\/\/pubeurope.com\/@fr\/115145229582140859","error":""},"_links":{"self":[{"href":"https:\/\/www.europesays.com\/fr\/wp-json\/wp\/v2\/posts\/365305","targetHints":{"allow":["GET"]}}],"collection":[{"href":"https:\/\/www.europesays.com\/fr\/wp-json\/wp\/v2\/posts"}],"about":[{"href":"https:\/\/www.europesays.com\/fr\/wp-json\/wp\/v2\/types\/post"}],"author":[{"embeddable":true,"href":"https:\/\/www.europesays.com\/fr\/wp-json\/wp\/v2\/users\/2"}],"replies":[{"embeddable":true,"href":"https:\/\/www.europesays.com\/fr\/wp-json\/wp\/v2\/comments?post=365305"}],"version-history":[{"count":0,"href":"https:\/\/www.europesays.com\/fr\/wp-json\/wp\/v2\/posts\/365305\/revisions"}],"wp:featuredmedia":[{"embeddable":true,"href":"https:\/\/www.europesays.com\/fr\/wp-json\/wp\/v2\/media\/365306"}],"wp:attachment":[{"href":"https:\/\/www.europesays.com\/fr\/wp-json\/wp\/v2\/media?parent=365305"}],"wp:term":[{"taxonomy":"category","embeddable":true,"href":"https:\/\/www.europesays.com\/fr\/wp-json\/wp\/v2\/categories?post=365305"},{"taxonomy":"post_tag","embeddable":true,"href":"https:\/\/www.europesays.com\/fr\/wp-json\/wp\/v2\/tags?post=365305"}],"curies":[{"name":"wp","href":"https:\/\/api.w.org\/{rel}","templated":true}]}}