{"id":36531,"date":"2025-04-19T12:55:27","date_gmt":"2025-04-19T12:55:27","guid":{"rendered":"https:\/\/www.europesays.com\/fr\/36531\/"},"modified":"2025-04-19T12:55:27","modified_gmt":"2025-04-19T12:55:27","slug":"yssingeaux-ayrana-graphisme-est-creatrice-didentites-visuelles-artistiques","status":"publish","type":"post","link":"https:\/\/www.europesays.com\/fr\/36531\/","title":{"rendered":"Yssingeaux : Ayrana Graphisme est cr\u00e9atrice d\u2019identit\u00e9s visuelles artistiques"},"content":{"rendered":"<p>\t\t\t\t\t\t\t\t\t\t\t\t\t\t\t\t\t\t\t\t\t\t\t\t\t\t\t\t\t\t\t\t\t\t\t\t\t\t\t\t\t\t\t\t\t\t\t\t\t\t\t\t\t\t\t\t\t\t\t\t\t\t\t<a href=\"https:\/\/www.lacommere43.fr\/component\/banners\/click\/1751.html\" target=\"_blank\" title=\"Chevalier Fr\u00e8res avril 2025\" rel=\"nofollow noopener\"><br \/>\n\t\t\t\t\t\t\t<img decoding=\"async\" src=\"https:\/\/www.europesays.com\/fr\/wp-content\/uploads\/2025\/04\/chevalier-fraise.jpg\" alt=\"Chevalier Fr\u00e8res avril 2025\"\/><br \/>\n\t\t\t\t\t\t<\/a><\/p>\n<p>\t\t\t\t\t\t\t\t\t\t\t\t\t\t\t\t\t\t\t\t\t\t\t\t\t\t\t\t\t\t\t\t\t\t\t\t\t\t\t\t\t\t\t\t\t\t\t\t\t\t\t\t\t\t\t\t\t\t\t\t\t\t\t<a href=\"https:\/\/www.lacommere43.fr\/component\/banners\/click\/1756.html\" target=\"_blank\" title=\"Retournac Foire P\u00e2querettes avril 2025\" rel=\"nofollow noopener\"><br \/>\n\t\t\t\t\t\t\t<img decoding=\"async\" src=\"https:\/\/www.europesays.com\/fr\/wp-content\/uploads\/2025\/04\/1745067327_133_paquerettes-2025.gif\" alt=\"Retournac Foire P\u00e2querettes avril 2025\"\/><br \/>\n\t\t\t\t\t\t<\/a><\/p>\n<p><strong>L&rsquo;Yssingelaise Alexia Avond a cr\u00e9\u00e9 sa soci\u00e9t\u00e9 de graphisme et illustration, Ayrana Graphisme.<\/strong><\/p>\n<p>Une nouvelle vague de cr\u00e9ativit\u00e9 souffle sur la Haute-Loire. Ayrana Graphisme est un studio de cr\u00e9ation graphique fond\u00e9 par Alexia Avond, jeune graphiste et illustratrice. Naturellement attir\u00e9e par les m\u00e9tiers cr\u00e9atifs, elle a suivi un BTS communication, puis une licence en communication et e-activit\u00e9, qui lui a permis d\u2019explorer l\u2019univers du digital et du graphisme.<\/p>\n<p>A la suite de ses \u00e9tudes dans la communication visuelle et trois ann\u00e9es d\u2019exp\u00e9rience dans le domaine au service d\u2019une association locale (le CDMDT43, Centre d\u00e9partemental de musique et danse traditionnelle), Alexia fait le pari de vivre de sa passion : accompagner les entreprises, artisans et associations dans la cr\u00e9ation de supports visuels.<\/p>\n<p>Ayrana Graphisme propose une palette de prestations : de l\u2019identit\u00e9 visuelle (cr\u00e9ation de logos, chartes graphiques, branding), des supports de communication (affiches, flyers, brochures, cartes de visite, packaging, invitation, faire-part), du webdesign (maquettes de sites internet, banni\u00e8res web, visuels pour les r\u00e9seaux sociaux) et de l\u2019illustration personnalis\u00e9e pour des projets artistiques, \u00e9ditoriaux ou commerciaux.<\/p>\n<p><strong>Infos pratiques<\/strong><\/p>\n<p>T\u00e9l : 06 88 61 91 89<\/p>\n<p>Mail : <a href=\"https:\/\/www.lacommere43.fr\/yssingeaux-les-sucs\/item\/73401-yssingeaux-ayrana-graphisme-est-creatrice-d-identites-visuelles-artistiques.html\/mailto:ayrana.graphisme@gmail.com\" rel=\"nofollow noopener\" target=\"_blank\">ayrana.graphisme@gmail.com<\/a><\/p>\n<p>Site web : <a href=\"https:\/\/ayrana-graphisme.com\/\" target=\"_blank\" rel=\"noopener nofollow\">https:\/\/ayrana-graphisme.com\/<\/a><\/p>\n<p>Instagram :\u00a0<a href=\"https:\/\/www.instagram.com\/ayrana_graphisme\/\" target=\"_blank\" rel=\"noopener nofollow\">https:\/\/www.instagram.com\/ayrana_graphisme\/<\/a><\/p>\n<p>        <script async src=\"\/\/www.instagram.com\/embed.js\"><\/script><\/p>\n","protected":false},"excerpt":{"rendered":"L&rsquo;Yssingelaise Alexia Avond a cr\u00e9\u00e9 sa soci\u00e9t\u00e9 de graphisme et illustration, Ayrana Graphisme. Une nouvelle vague de cr\u00e9ativit\u00e9&hellip;\n","protected":false},"author":2,"featured_media":36532,"comment_status":"","ping_status":"","sticky":false,"template":"","format":"standard","meta":{"footnotes":""},"categories":[1358],"tags":[2281,1348,1384,1385,1386,58,59,2282,1011,27,2280,2284,2285,2283],"class_list":{"0":"post-36531","1":"post","2":"type-post","3":"status-publish","4":"format-standard","5":"has-post-thumbnail","7":"category-arts-et-design","8":"tag-actualite-43","9":"tag-arts","10":"tag-arts-and-design","11":"tag-arts-et-design","12":"tag-design","13":"tag-divertissement","14":"tag-entertainment","15":"tag-faits-divers-auvergne","16":"tag-fr","17":"tag-france","18":"tag-information-haute-loire","19":"tag-infos-43","20":"tag-journal-haute-loire","21":"tag-la-commere-43"},"share_on_mastodon":{"url":"https:\/\/pubeurope.com\/@fr\/114364738672253718","error":""},"_links":{"self":[{"href":"https:\/\/www.europesays.com\/fr\/wp-json\/wp\/v2\/posts\/36531","targetHints":{"allow":["GET"]}}],"collection":[{"href":"https:\/\/www.europesays.com\/fr\/wp-json\/wp\/v2\/posts"}],"about":[{"href":"https:\/\/www.europesays.com\/fr\/wp-json\/wp\/v2\/types\/post"}],"author":[{"embeddable":true,"href":"https:\/\/www.europesays.com\/fr\/wp-json\/wp\/v2\/users\/2"}],"replies":[{"embeddable":true,"href":"https:\/\/www.europesays.com\/fr\/wp-json\/wp\/v2\/comments?post=36531"}],"version-history":[{"count":0,"href":"https:\/\/www.europesays.com\/fr\/wp-json\/wp\/v2\/posts\/36531\/revisions"}],"wp:featuredmedia":[{"embeddable":true,"href":"https:\/\/www.europesays.com\/fr\/wp-json\/wp\/v2\/media\/36532"}],"wp:attachment":[{"href":"https:\/\/www.europesays.com\/fr\/wp-json\/wp\/v2\/media?parent=36531"}],"wp:term":[{"taxonomy":"category","embeddable":true,"href":"https:\/\/www.europesays.com\/fr\/wp-json\/wp\/v2\/categories?post=36531"},{"taxonomy":"post_tag","embeddable":true,"href":"https:\/\/www.europesays.com\/fr\/wp-json\/wp\/v2\/tags?post=36531"}],"curies":[{"name":"wp","href":"https:\/\/api.w.org\/{rel}","templated":true}]}}