{"id":365314,"date":"2025-09-04T09:09:34","date_gmt":"2025-09-04T09:09:34","guid":{"rendered":"https:\/\/www.europesays.com\/fr\/365314\/"},"modified":"2025-09-04T09:09:34","modified_gmt":"2025-09-04T09:09:34","slug":"fc-nantes-mercato-abline-a-snobe-lom-et-le-stade-rennais-la-verite-eclate","status":"publish","type":"post","link":"https:\/\/www.europesays.com\/fr\/365314\/","title":{"rendered":"FC Nantes Mercato : Abline a snob\u00e9 l\u2019OM et le Stade Rennais, la v\u00e9rit\u00e9 \u00e9clate\u00a0!"},"content":{"rendered":"<p><strong>Annonc\u00e9 dans le viseur de plusieurs clubs au cours du mercato estival, Matthis Abline (22 ans) est finalement rest\u00e9 au <a href=\"https:\/\/www.butfootballclub.fr\/616836-fc-nantes-mercato-maicon-a-failli-signer-chez-les-canaris\/\" rel=\"noopener\" target=\"_blank\">FC Nantes<\/a>. Une d\u00e9cision qui ne doit finalement rien au hasard.\u00a0<\/strong><\/p>\n<p>Le feuilleton Matthis Abline est clos au <a href=\"https:\/\/www.butfootballclub.fr\/616507-fc-nantes-mercato-luis-castro-tient-une-nouveau-renfort-defensif\" rel=\"noopener\" target=\"_blank\">FC Nantes<\/a>. Invit\u00e9 cette semaine sur le plateau de T\u00e9l\u00e9Nantes, l\u2019insider Emmanuel Merceron a livr\u00e9 quelques confidences int\u00e9ressantes sur les intentions r\u00e9elles de l\u2019attaquant pr\u00eat\u00e9 par le Stade Rennais.<\/p>\n<p>Selon lui, le buteur de 22 ans n\u2019\u00e9tait pas si m\u00e9content que \u00e7a de prolonger l\u2019aventure avec les Canaris. Certes, le march\u00e9 a bruiss\u00e9 de rumeurs, \u00e9voquant un int\u00e9r\u00eat de l\u2019Olympique de Marseille ou m\u00eame un possible retour au Stade Rennais. Mais la r\u00e9alit\u00e9 est toute autre : le joueur n\u2019aurait jamais r\u00e9ellement envisag\u00e9 ces options. Deux seuls projets l\u2019avaient fait r\u00e9fl\u00e9chir : ceux du RC Strasbourg et du Paris FC.<\/p>\n<p>Abline veut juste jouer\u00a0<\/p>\n<p>Avant tout, Abline recherche du temps de jeu et un environnement propice \u00e0 sa progression. \u00c0 Marseille, la concurrence en attaque et la pression permanente du V\u00e9lodrome ne correspondaient pas \u00e0 ses attentes. Quant \u00e0 Rennes, l\u2019id\u00e9e d\u2019un retour n\u2019\u00e9tait pas s\u00e9duisante pour un joueur qui souhaite couper le cordon et s\u2019imposer ailleurs que dans son club formateur.<\/p>\n<p>\u00c0 <a href=\"https:\/\/www.butfootballclub.fr\/616988-fc-nantes-mercato-apres-la-russie-une-autre-destination-surprenante-soffre-a-coco\/\" rel=\"noopener\" target=\"_blank\">Nantes<\/a>, Abline retrouve un contexte qu\u2019il conna\u00eet bien et o\u00f9 il peut s\u2019\u00e9panouir. L\u2019attaquant de 22 ans a d\u00e9j\u00e0 montr\u00e9 des qualit\u00e9s techniques et un sens du but int\u00e9ressants la saison pass\u00e9e. Le staff nantais compte sur lui pour franchir un cap et devenir l\u2019un des hommes forts de l\u2019attaque des Canaris, aux c\u00f4t\u00e9s de Mostafa Mohamed.<\/p>\n","protected":false},"excerpt":{"rendered":"Annonc\u00e9 dans le viseur de plusieurs clubs au cours du mercato estival, Matthis Abline (22 ans) est finalement&hellip;\n","protected":false},"author":2,"featured_media":361842,"comment_status":"","ping_status":"","sticky":false,"template":"","format":"standard","meta":{"footnotes":""},"categories":[2818],"tags":[1111,11,448,1777,674,63,1011,27,66,3388,766,12,2636,25,10662],"class_list":{"0":"post-365314","1":"post","2":"type-post","3":"status-publish","4":"format-standard","5":"has-post-thumbnail","7":"category-nantes","8":"tag-actu","9":"tag-actualites","10":"tag-champions-league","11":"tag-eu","12":"tag-europe","13":"tag-football","14":"tag-fr","15":"tag-france","16":"tag-ligue-1","17":"tag-matchs","18":"tag-nantes","19":"tag-news","20":"tag-pays-de-la-loire","21":"tag-republique-francaise","22":"tag-transferts"},"share_on_mastodon":{"url":"https:\/\/pubeurope.com\/@fr\/115145248779744702","error":""},"_links":{"self":[{"href":"https:\/\/www.europesays.com\/fr\/wp-json\/wp\/v2\/posts\/365314","targetHints":{"allow":["GET"]}}],"collection":[{"href":"https:\/\/www.europesays.com\/fr\/wp-json\/wp\/v2\/posts"}],"about":[{"href":"https:\/\/www.europesays.com\/fr\/wp-json\/wp\/v2\/types\/post"}],"author":[{"embeddable":true,"href":"https:\/\/www.europesays.com\/fr\/wp-json\/wp\/v2\/users\/2"}],"replies":[{"embeddable":true,"href":"https:\/\/www.europesays.com\/fr\/wp-json\/wp\/v2\/comments?post=365314"}],"version-history":[{"count":0,"href":"https:\/\/www.europesays.com\/fr\/wp-json\/wp\/v2\/posts\/365314\/revisions"}],"wp:featuredmedia":[{"embeddable":true,"href":"https:\/\/www.europesays.com\/fr\/wp-json\/wp\/v2\/media\/361842"}],"wp:attachment":[{"href":"https:\/\/www.europesays.com\/fr\/wp-json\/wp\/v2\/media?parent=365314"}],"wp:term":[{"taxonomy":"category","embeddable":true,"href":"https:\/\/www.europesays.com\/fr\/wp-json\/wp\/v2\/categories?post=365314"},{"taxonomy":"post_tag","embeddable":true,"href":"https:\/\/www.europesays.com\/fr\/wp-json\/wp\/v2\/tags?post=365314"}],"curies":[{"name":"wp","href":"https:\/\/api.w.org\/{rel}","templated":true}]}}