{"id":365315,"date":"2025-09-04T09:10:10","date_gmt":"2025-09-04T09:10:10","guid":{"rendered":"https:\/\/www.europesays.com\/fr\/365315\/"},"modified":"2025-09-04T09:10:10","modified_gmt":"2025-09-04T09:10:10","slug":"olivier-couvert-castera-nomme-president-de-la-cour-administrative-dappel-de-bordeaux","status":"publish","type":"post","link":"https:\/\/www.europesays.com\/fr\/365315\/","title":{"rendered":"Olivier Couvert-Cast\u00e9ra nomm\u00e9 pr\u00e9sident de la cour administrative d\u2019appel de Bordeaux"},"content":{"rendered":"<p>\n\t\t\t\t\t\t\t\t\tOlivier Couvert-Cast\u00e9ra pr\u00e9sidait depuis 2019 la cour administrative d&rsquo;appel de Nantes. Cr\u00e9dits : D. R.\n\t\t\t\t\t\t\t\t<\/p>\n<p>Olivier Couvert-Cast\u00e9ra remplace Luc Derepas \u00e0 la pr\u00e9sidence de la cour administrative d\u2019appel de Bordeaux.<\/p>\n<p>La valse des nominations continue en cette rentr\u00e9e. Depuis le 1er septembre, la cour administrative d\u2019appel de Bordeaux accueille son nouveau pr\u00e9sident : Olivier Couvert-Cast\u00e9ra, conseiller d\u2019\u00c9tat, qui remplace Luc Derepas. <\/p>\n<p>Dipl\u00f4m\u00e9 de l\u2019\u00c9cole nationale d\u2019administration, Olivier Couvert-Cast\u00e9ra a occup\u00e9 plusieurs hauts postes de la fonction publique. Notamment au cabinet du garde des Sceaux et ministres de la Justice en 1995, au Tribunal administratif de Versailles qu\u2019il pr\u00e9sida en 2008, avant de passer par la cour administrative d&rsquo;appel de Nancy, et celle de Paris. \u00ab Devenu conseiller d\u2019\u00c9tat, il pr\u00e9sidait depuis septembre 2019 la cour administrative d\u2019appel de Nantes \u00bb, pr\u00e9cise un communiqu\u00e9.<\/p>\n","protected":false},"excerpt":{"rendered":"Olivier Couvert-Cast\u00e9ra pr\u00e9sidait depuis 2019 la cour administrative d&rsquo;appel de Nantes. Cr\u00e9dits : D. R. Olivier Couvert-Cast\u00e9ra remplace&hellip;\n","protected":false},"author":2,"featured_media":365316,"comment_status":"","ping_status":"","sticky":false,"template":"","format":"standard","meta":{"footnotes":""},"categories":[2817],"tags":[1111,11,1997,1777,674,1011,27,12,2219,5645,25],"class_list":{"0":"post-365315","1":"post","2":"type-post","3":"status-publish","4":"format-standard","5":"has-post-thumbnail","7":"category-bordeaux","8":"tag-actu","9":"tag-actualites","10":"tag-bordeaux","11":"tag-eu","12":"tag-europe","13":"tag-fr","14":"tag-france","15":"tag-news","16":"tag-nouvelle-aquitaine","17":"tag-placco-placeco","18":"tag-republique-francaise"},"share_on_mastodon":{"url":"https:\/\/pubeurope.com\/@fr\/115145252765347583","error":""},"_links":{"self":[{"href":"https:\/\/www.europesays.com\/fr\/wp-json\/wp\/v2\/posts\/365315","targetHints":{"allow":["GET"]}}],"collection":[{"href":"https:\/\/www.europesays.com\/fr\/wp-json\/wp\/v2\/posts"}],"about":[{"href":"https:\/\/www.europesays.com\/fr\/wp-json\/wp\/v2\/types\/post"}],"author":[{"embeddable":true,"href":"https:\/\/www.europesays.com\/fr\/wp-json\/wp\/v2\/users\/2"}],"replies":[{"embeddable":true,"href":"https:\/\/www.europesays.com\/fr\/wp-json\/wp\/v2\/comments?post=365315"}],"version-history":[{"count":0,"href":"https:\/\/www.europesays.com\/fr\/wp-json\/wp\/v2\/posts\/365315\/revisions"}],"wp:featuredmedia":[{"embeddable":true,"href":"https:\/\/www.europesays.com\/fr\/wp-json\/wp\/v2\/media\/365316"}],"wp:attachment":[{"href":"https:\/\/www.europesays.com\/fr\/wp-json\/wp\/v2\/media?parent=365315"}],"wp:term":[{"taxonomy":"category","embeddable":true,"href":"https:\/\/www.europesays.com\/fr\/wp-json\/wp\/v2\/categories?post=365315"},{"taxonomy":"post_tag","embeddable":true,"href":"https:\/\/www.europesays.com\/fr\/wp-json\/wp\/v2\/tags?post=365315"}],"curies":[{"name":"wp","href":"https:\/\/api.w.org\/{rel}","templated":true}]}}