{"id":365318,"date":"2025-09-04T09:12:14","date_gmt":"2025-09-04T09:12:14","guid":{"rendered":"https:\/\/www.europesays.com\/fr\/365318\/"},"modified":"2025-09-04T09:12:14","modified_gmt":"2025-09-04T09:12:14","slug":"fermee-pour-maintenance-la-passerelle-de-lhopital-rangueil-devrait-etre-operationnelle-en-octobre","status":"publish","type":"post","link":"https:\/\/www.europesays.com\/fr\/365318\/","title":{"rendered":"Ferm\u00e9e pour maintenance, la passerelle de l\u2019h\u00f4pital Rangueil devrait \u00eatre op\u00e9rationnelle en octobre"},"content":{"rendered":"<p>\n                                                                    l&rsquo;essentiel<br \/>\n                                                                Il n\u2019est plus possible d\u2019acc\u00e9der \u00e0 l\u2019h\u00f4pital Rangueil via les ascenseurs et la passerelle qui est en travaux. Le parking le plus bas est ferm\u00e9, les usagers sont redirig\u00e9s vers les parkings les plus proches des b\u00e2timents de soins, souvent satur\u00e9s.\n                            <\/p>\n<p>Qui conna\u00eet l\u2019h\u00f4pital Rangueil sait qu\u2019il faut parfois suer pour atteindre le hall d\u2019accueil, en haut de la colline. Pour les usagers venant en voiture, les ascenseurs et la passerelle depuis le parking P2, situ\u00e9 en bas de l\u2019avenue du Pr Jean Poulh\u00e8s, sont les bienvenus. Surtout quand les parkings P3 et P9, les plus proches des b\u00e2timents de soins, affichent complets, ce qui est r\u00e9guli\u00e8rement le cas.<\/p>\n<p>Mais, depuis le mois de mai, le parking P2 (146 places) est ferm\u00e9, obligeant les patients et visiteurs \u00e0 trouver des places de stationnement plus haut ou \u00e0 trouver des strat\u00e9gies via les transports en commun (m\u00e9tro ligne B jusqu\u2019\u00e0 Paul-Sabatier puis T\u00e9l\u00e9o). Car la passerelle est actuellement en maintenance et les ascenseurs ont \u00e9t\u00e9 mis hors service le temps des travaux.\u00a0Pour les professionnels, l\u2019acc\u00e8s au parking P1 est maintenu mais il faut donc prendre les longs escaliers.<\/p>\n<p>La passerelle date de 1997<\/p>\n<p>\u00ab\u00a0Ces travaux de mise en conformit\u00e9 et de maintenance s\u2019inscrivent dans la continuit\u00e9 des investissements engag\u00e9s par le CHU de Toulouse pour r\u00e9nover les b\u00e2timents et les abords ext\u00e9rieurs de l\u2019h\u00f4pital Rangueil qui f\u00eate cette ann\u00e9e ses 50 ans. Ces interventions sont indispensables pour ralentir la v\u00e9tust\u00e9 naturelle de l\u2019ouvrage, construit en 1997, pour garantir sa s\u00e9curit\u00e9 et prolonger sa dur\u00e9e de vie\u00a0\u00bb, indique la direction du CHU de Toulouse qui estime la fin des travaux au d\u00e9but du mois d\u2019octobre.<\/p>\n<p>        <img decoding=\"async\" class=\"std-img__img responsive-img\" src=\"https:\/\/www.europesays.com\/fr\/wp-content\/uploads\/2025\/09\/1756977133_310_image.jpg\" alt=\"Le sol de la passerelle va \u00eatre remplac\u00e9.\"\/><\/p>\n<p>                Le sol de la passerelle va \u00eatre remplac\u00e9.<br \/>\n                                    DDM &#8211; MARC SALVET<\/p>\n<p>L\u2019h\u00f4pital Rangueil\u00a0regroupe essentiellement les services de cardiologie et maladies m\u00e9taboliques, le p\u00f4le digestif, l\u2019urologie, la n\u00e9phrologie, dialyse et transplantation d\u2019organes, le service des grands br\u00fbl\u00e9s et des urgences qui enregistrent, en moyenne, 46\u00a0000 passages par an.<\/p>\n","protected":false},"excerpt":{"rendered":"l&rsquo;essentiel Il n\u2019est plus possible d\u2019acc\u00e9der \u00e0 l\u2019h\u00f4pital Rangueil via les ascenseurs et la passerelle qui est en&hellip;\n","protected":false},"author":2,"featured_media":365319,"comment_status":"","ping_status":"","sticky":false,"template":"","format":"standard","meta":{"footnotes":""},"categories":[2816],"tags":[1111,11,1777,674,1011,27,12,2680,25,2312],"class_list":{"0":"post-365318","1":"post","2":"type-post","3":"status-publish","4":"format-standard","5":"has-post-thumbnail","7":"category-toulouse","8":"tag-actu","9":"tag-actualites","10":"tag-eu","11":"tag-europe","12":"tag-fr","13":"tag-france","14":"tag-news","15":"tag-occitanie","16":"tag-republique-francaise","17":"tag-toulouse"},"share_on_mastodon":{"url":"https:\/\/pubeurope.com\/@fr\/115145261011341469","error":""},"_links":{"self":[{"href":"https:\/\/www.europesays.com\/fr\/wp-json\/wp\/v2\/posts\/365318","targetHints":{"allow":["GET"]}}],"collection":[{"href":"https:\/\/www.europesays.com\/fr\/wp-json\/wp\/v2\/posts"}],"about":[{"href":"https:\/\/www.europesays.com\/fr\/wp-json\/wp\/v2\/types\/post"}],"author":[{"embeddable":true,"href":"https:\/\/www.europesays.com\/fr\/wp-json\/wp\/v2\/users\/2"}],"replies":[{"embeddable":true,"href":"https:\/\/www.europesays.com\/fr\/wp-json\/wp\/v2\/comments?post=365318"}],"version-history":[{"count":0,"href":"https:\/\/www.europesays.com\/fr\/wp-json\/wp\/v2\/posts\/365318\/revisions"}],"wp:featuredmedia":[{"embeddable":true,"href":"https:\/\/www.europesays.com\/fr\/wp-json\/wp\/v2\/media\/365319"}],"wp:attachment":[{"href":"https:\/\/www.europesays.com\/fr\/wp-json\/wp\/v2\/media?parent=365318"}],"wp:term":[{"taxonomy":"category","embeddable":true,"href":"https:\/\/www.europesays.com\/fr\/wp-json\/wp\/v2\/categories?post=365318"},{"taxonomy":"post_tag","embeddable":true,"href":"https:\/\/www.europesays.com\/fr\/wp-json\/wp\/v2\/tags?post=365318"}],"curies":[{"name":"wp","href":"https:\/\/api.w.org\/{rel}","templated":true}]}}