{"id":365320,"date":"2025-09-04T09:13:10","date_gmt":"2025-09-04T09:13:10","guid":{"rendered":"https:\/\/www.europesays.com\/fr\/365320\/"},"modified":"2025-09-04T09:13:10","modified_gmt":"2025-09-04T09:13:10","slug":"il-porte-dans-la-rue-un-maillot-de-foot-floque-arracheur-de-kippa-le-crif-depose-plainte","status":"publish","type":"post","link":"https:\/\/www.europesays.com\/fr\/365320\/","title":{"rendered":"Il porte dans la rue un maillot de foot floqu\u00e9 \u00ab\u00a0Arracheur de kippa\u00a0\u00bb, le Crif d\u00e9pose plainte"},"content":{"rendered":"<p>Un homme qui portait un maillot de l\u2019\u00e9quipe de <a href=\"https:\/\/www.20minutes.fr\/sport\/football\/\" class=\"c-link c-link--is-underlined\" target=\"_blank\" rel=\"noopener\">football<\/a> d\u2019Allemagne, floqu\u00e9 dans le dos de l\u2019inscription \u00ab\u00a0<a href=\"https:\/\/www.20minutes.fr\/dossier\/kippa\" class=\"c-link c-link--is-underlined\" target=\"_blank\" rel=\"noopener\">arracheur de kippa<\/a>\u00a0\u00bb, a \u00e9t\u00e9 aper\u00e7u mardi, attabl\u00e9 \u00e0 une terrasse de caf\u00e9 du centre-ville de Toulouse, selon une information du journal <a href=\"https:\/\/www.ladepeche.fr\/2025\/09\/03\/info-la-depeche-arracheur-de-kippa-un-homme-arbore-un-maillot-de-football-ouvertement-antisemite-a-toulouse-12908108.php\" target=\"_blank\" class=\"c-link c-link--is-underlined\" rel=\"noopener\">La D\u00e9p\u00eache<\/a>.<\/p>\n<p>Un <a href=\"https:\/\/www.20minutes.fr\/dossier\/antisemitisme\" class=\"c-link c-link--is-underlined\" target=\"_blank\" rel=\"noopener\">message antis\u00e9mite<\/a>, r\u00e9f\u00e9rence au couvre-chef port\u00e9 par la communaut\u00e9 juive, qui choque et inqui\u00e8te m\u00eame au-del\u00e0 de la communaut\u00e9, comme l\u2019indique le pr\u00e9sident du <a href=\"https:\/\/www.20minutes.fr\/dossier\/crif\" class=\"c-link c-link--is-underlined\" target=\"_blank\" rel=\"noopener\">Crif<\/a> Toulouse Midi-Pyr\u00e9n\u00e9es, Franck Touboul. Ce dernier rapporte \u00e0 nos confr\u00e8res qu\u2019ils ont re\u00e7u des appels de personnes choqu\u00e9es et non juives qui signalaient l\u2019individu. Le Crif va d\u2019ailleurs porter plainte.<\/p>\n<p class=\"mb-xxl@xs color-ultramarine font-weight-semi-bold@xs font-source-serif-pro heading-s@xs\">L\u2019acc\u00e8s \u00e0 ce contenu a \u00e9t\u00e9 bloqu\u00e9 afin de respecter votre choix de consentement<\/p>\n<p class=\"mb-m@xs text-l@xs\">En cliquant sur\u00ab J\u2019accepte \u00bb, vous acceptez le d\u00e9p\u00f4t de cookies par des services externes et aurez ainsi acc\u00e8s aux contenus de nos partenaires.<\/p>\n<p class=\"mb-xl@xs text-s@xs\">Plus d\u2019informations sur la page<a href=\"https:\/\/www.20minutes.fr\/gestion-cookies\" class=\"mx-xxs@xs color-ultramarine\" target=\"_blank\" rel=\"noopener\">Politique de gestion des cookies<\/a><\/p>\n<p>J\u2019accepte<\/p>\n<p>Pour l\u2019heure, le porteur du maillot n\u2019a pas encore \u00e9t\u00e9 retrouv\u00e9 ni m\u00eame identifi\u00e9. Selon une source polici\u00e8re de nos conf\u00e8res, un \u00ab\u00a0avis de recherche a \u00e9t\u00e9 lanc\u00e9\u00a0\u00bb et la ville de <a href=\"https:\/\/www.20minutes.fr\/faits_divers\/faits-divers-toulouse\/\" class=\"c-link c-link--is-underlined\" target=\"_blank\" rel=\"noopener\">Toulouse<\/a> a \u00ab\u00a0recueilli tous les \u00e9l\u00e9ments\u00a0\u00bb comme les images de vid\u00e9osurveillance. Un signalement va \u00eatre fait aupr\u00e8s du procureur de la R\u00e9publique.<\/p>\n","protected":false},"excerpt":{"rendered":"Un homme qui portait un maillot de l\u2019\u00e9quipe de football d\u2019Allemagne, floqu\u00e9 dans le dos de l\u2019inscription \u00ab\u00a0arracheur&hellip;\n","protected":false},"author":2,"featured_media":365321,"comment_status":"","ping_status":"","sticky":false,"template":"","format":"standard","meta":{"footnotes":""},"categories":[2816],"tags":[1111,47,11,672,6155,26121,1777,674,118,6738,63,1011,27,2722,47049,2721,12,2680,10162,25,2224,2312,809],"class_list":{"0":"post-365320","1":"post","2":"type-post","3":"status-publish","4":"format-standard","5":"has-post-thumbnail","7":"category-toulouse","8":"tag-actu","9":"tag-actualite","10":"tag-actualites","11":"tag-allemagne","12":"tag-antisemitisme","13":"tag-crif","14":"tag-eu","15":"tag-europe","16":"tag-faits-divers","17":"tag-faits-divers-toulouse","18":"tag-football","19":"tag-fr","20":"tag-france","21":"tag-haute-garonne","22":"tag-kippa","23":"tag-midi-pyrenees","24":"tag-news","25":"tag-occitanie","26":"tag-racisme","27":"tag-republique-francaise","28":"tag-sud-ouest","29":"tag-toulouse","30":"tag-violence"},"share_on_mastodon":{"url":"https:\/\/pubeurope.com\/@fr\/115145264996974874","error":""},"_links":{"self":[{"href":"https:\/\/www.europesays.com\/fr\/wp-json\/wp\/v2\/posts\/365320","targetHints":{"allow":["GET"]}}],"collection":[{"href":"https:\/\/www.europesays.com\/fr\/wp-json\/wp\/v2\/posts"}],"about":[{"href":"https:\/\/www.europesays.com\/fr\/wp-json\/wp\/v2\/types\/post"}],"author":[{"embeddable":true,"href":"https:\/\/www.europesays.com\/fr\/wp-json\/wp\/v2\/users\/2"}],"replies":[{"embeddable":true,"href":"https:\/\/www.europesays.com\/fr\/wp-json\/wp\/v2\/comments?post=365320"}],"version-history":[{"count":0,"href":"https:\/\/www.europesays.com\/fr\/wp-json\/wp\/v2\/posts\/365320\/revisions"}],"wp:featuredmedia":[{"embeddable":true,"href":"https:\/\/www.europesays.com\/fr\/wp-json\/wp\/v2\/media\/365321"}],"wp:attachment":[{"href":"https:\/\/www.europesays.com\/fr\/wp-json\/wp\/v2\/media?parent=365320"}],"wp:term":[{"taxonomy":"category","embeddable":true,"href":"https:\/\/www.europesays.com\/fr\/wp-json\/wp\/v2\/categories?post=365320"},{"taxonomy":"post_tag","embeddable":true,"href":"https:\/\/www.europesays.com\/fr\/wp-json\/wp\/v2\/tags?post=365320"}],"curies":[{"name":"wp","href":"https:\/\/api.w.org\/{rel}","templated":true}]}}