{"id":365322,"date":"2025-09-04T09:14:14","date_gmt":"2025-09-04T09:14:14","guid":{"rendered":"https:\/\/www.europesays.com\/fr\/365322\/"},"modified":"2025-09-04T09:14:14","modified_gmt":"2025-09-04T09:14:14","slug":"un-parc-de-30-hectares-va-accueillir-sara-landry-anetha-le-bask-et-maissouille","status":"publish","type":"post","link":"https:\/\/www.europesays.com\/fr\/365322\/","title":{"rendered":"un parc de 30 hectares va accueillir Sara Landry, Anetha, Le Bask et Maissouille"},"content":{"rendered":"<p>\t\t\t46<\/p>\n<p><b>Les samedi 13 et dimanche 14 septembre prochains aura lieu la 11\u00e8me \u00e9dition du festival Jardin \u00c9lectronique. L\u2019\u00e9v\u00e9nement s\u2019installera dans le Parc Urbain de Lomme, dans la ville de Lille, un espace de plus de 300 000 m\u00b2. Avec une programmation XXL, le festival saura ravir plus d\u2019un fan d\u2019\u00e9lectro.<\/b><\/p>\n<p>La plus grande garden-party du Nord<\/p>\n<p>Pour la 11\u00e8me fois, l\u2019association <a href=\"https:\/\/www.facebook.com\/JardinElectronique\" target=\"_blank\" rel=\"noopener nofollow\"><b>Jardin \u00c9lectronique<\/b><\/a>\u00a0sera de retour dans son fief lillois pour la plus grande garden-party du Nord de la France.<\/p>\n<p>\u00c0 l\u2019origine de plusieurs \u00e9v\u00e9nements majeurs de la vie \u00e9lectronique lilloise, tels que le Jardin d\u2019hiver et le Jardin d\u2019automne, <a href=\"https:\/\/electro-news.eu\/lille-va-se-transformer-en-dancefloor-techno-geant-pendant-deux-jours-au-jardin-electronique\/\" target=\"_blank\" rel=\"noopener nofollow\"><b>le plus gros et le plus vieil \u00e9v\u00e9nement de l\u2019association reste le Jardin \u00c9lectronique<\/b><\/a>.<\/p>\n<p><img aria-describedby=\"caption-attachment-88640\" decoding=\"async\" loading=\"lazy\" class=\"size-full wp-image-88640\" src=\"https:\/\/www.europesays.com\/fr\/wp-content\/uploads\/2025\/09\/Sceno-Jardin-electro.jpg\" alt=\"La sc\u00e8ne du Jardin \u00c9lectronique \u00a9 R\u00e9my B\u00e9asse\" width=\"1920\" height=\"1080\"  \/><\/p>\n<p id=\"caption-attachment-88640\" class=\"wp-caption-text\">La sc\u00e8ne du Jardin \u00c9lectronique \u00a9 R\u00e9my B\u00e9asse<\/p>\n<p>Pour la 2\u00e8me ann\u00e9e cons\u00e9cutive, le festival ira s\u2019installer dans les quelques 300 000 m\u00b2 du Parc Urbain de Lomme, avec comme \u00e0 son habitude une programmation pointue et tr\u00e8s vari\u00e9e, qui r\u00e9unira un peu plus d\u2019une cinquantaine de DJs et producteurs issus de la sc\u00e8ne locale mais aussi figures majeures de la sc\u00e8ne \u00e9lectronique actuelle.<\/p>\n<p>Facilement accessible, notamment en m\u00e9tro, le festival proposera un total de 18h de son, avec bars, foodtrucks dont options v\u00e9g\u00e9tariennes.<\/p>\n<p>Lille accueille un festival techno et hardcore<\/p>\n<p>Pour cette 11\u00e8me ann\u00e9e, Jardin \u00c9lectronique accueillera de nombreuses t\u00eates d\u2019affiches telles que la reine de la hard techno <a href=\"https:\/\/www.facebook.com\/saralandrydj\/?locale=fr_FR\" target=\"_blank\" rel=\"noopener nofollow\"><b>Sara Landry<\/b><\/a>, le ph\u00e9nom\u00e8ne et m\u00e8re du label Mama Told Ya <a href=\"https:\/\/www.facebook.com\/anethamusic?locale=fr_FR\" target=\"_blank\" rel=\"noopener nofollow\"><b>Anetha<\/b><\/a> ou encore le ponte du hardcore fran\u00e7ais, \u00e0 la t\u00eate de Hardcore France, <a href=\"https:\/\/www.facebook.com\/Maissouille?locale=fr_FR\" target=\"_blank\" rel=\"noopener nofollow\"><b>Maissouille<\/b><\/a>.<\/p>\n<p>De nombreux genres \u00e9lectroniques seront mis \u00e0 l\u2019honneur avec par exemple <a href=\"https:\/\/www.facebook.com\/nto.music\/?locale=fr_FR\" target=\"_blank\" rel=\"noopener nofollow\"><b>NTO<\/b><\/a> et sa techno m\u00e9lodique entra\u00eenante, la drum\u2019n\u2019bass d\u00e9jant\u00e9e de la britannique <a href=\"https:\/\/www.facebook.com\/JungletekQueen\/\" target=\"_blank\" rel=\"noopener nofollow\"><b>Mandidextrous<\/b><\/a>, la hard techno de <a href=\"https:\/\/www.facebook.com\/DionMusicAmsterdam\/\" target=\"_blank\" rel=\"noopener nofollow\"><b>Di\u00f8n<\/b><\/a>, <a href=\"https:\/\/www.facebook.com\/athziraMusic\/?locale=fr_FR\" target=\"_blank\" rel=\"noopener nofollow\"><b>Athzira<\/b><\/a> et sa psytrance envo\u00fbtante ou encore<a href=\"https:\/\/www.facebook.com\/mcdeclos\/?locale=fr_FR\" target=\"_blank\" rel=\"noopener nofollow\"> <b>Mac Declos<\/b><\/a> et sa bouncy techno ultra dansante.<\/p>\n<p><img aria-describedby=\"caption-attachment-88641\" decoding=\"async\" loading=\"lazy\" class=\"size-full wp-image-88641\" src=\"https:\/\/www.europesays.com\/fr\/wp-content\/uploads\/2025\/09\/line-up-jardin.jpg\" alt=\"La programmation du Jardin \u00c9lectronique\" width=\"1920\" height=\"1080\"  \/><\/p>\n<p id=\"caption-attachment-88641\" class=\"wp-caption-text\">La programmation du Jardin \u00c9lectronique<\/p>\n<p>Bien d\u2019autres talents seront de la partie, notamment plusieurs t\u00eates montantes telles que <a href=\"https:\/\/www.instagram.com\/kimberlaid\/?hl=fr\" target=\"_blank\" rel=\"noopener nofollow\"><b>Kimberlaid<\/b><\/a>, <a href=\"https:\/\/www.facebook.com\/velmusique\/\" target=\"_blank\" rel=\"noopener nofollow\"><b>Vel<\/b><\/a> ou <a href=\"https:\/\/www.facebook.com\/dxpemusic1\/\" target=\"_blank\" rel=\"noopener nofollow\"><b>Dxpe<\/b><\/a>.<\/p>\n<p>Pour les plus t\u00e9m\u00e9raires, deux afters seront organis\u00e9s au Slalom avec notamment <a href=\"https:\/\/www.facebook.com\/shanibruFR\/?locale=fr_FR\" target=\"_blank\" rel=\"noopener nofollow\"><b>Shanixx<\/b><\/a>, <a href=\"https:\/\/www.facebook.com\/emmaollivary\/?locale=fr_FR\" target=\"_blank\" rel=\"noopener nofollow\"><b>Emma Ollivary<\/b><\/a> ou<a href=\"https:\/\/www.facebook.com\/lapenderienoire\/\" target=\"_blank\" rel=\"noopener nofollow\"> <b>La Penderie Noire<\/b><\/a>.<\/p>\n<p>Pour plus d\u2019informations, rendez-vous sur la page <a href=\"https:\/\/www.facebook.com\/events\/3994462477497846\" target=\"_blank\" rel=\"noopener nofollow\"><b>Facebook de l\u2019\u00e9v\u00e9nement<\/b><\/a> ou sur <a href=\"https:\/\/shotgun.live\/fr\/festivals\/le-jardin-electronique-2025\" target=\"_blank\" rel=\"noopener nofollow\"><b>la billetterie<\/b><\/a>.<\/p>\n<p>\u00a0<\/p>\n<p>Article sponsoris\u00e9.\u00a0<\/p>\n<p>\t\t\t\t\t\t\t        <script async src=\"\/\/www.instagram.com\/embed.js\"><\/script><\/p>\n","protected":false},"excerpt":{"rendered":"46 Les samedi 13 et dimanche 14 septembre prochains aura lieu la 11\u00e8me \u00e9dition du festival Jardin \u00c9lectronique.&hellip;\n","protected":false},"author":2,"featured_media":365323,"comment_status":"","ping_status":"","sticky":false,"template":"","format":"standard","meta":{"footnotes":""},"categories":[2815],"tags":[1111,11,1777,674,849,1011,27,811,1307,12,25],"class_list":{"0":"post-365322","1":"post","2":"type-post","3":"status-publish","4":"format-standard","5":"has-post-thumbnail","7":"category-lille","8":"tag-actu","9":"tag-actualites","10":"tag-eu","11":"tag-europe","12":"tag-festival","13":"tag-fr","14":"tag-france","15":"tag-hauts-de-france","16":"tag-lille","17":"tag-news","18":"tag-republique-francaise"},"share_on_mastodon":{"url":"https:\/\/pubeurope.com\/@fr\/115145268664420532","error":""},"_links":{"self":[{"href":"https:\/\/www.europesays.com\/fr\/wp-json\/wp\/v2\/posts\/365322","targetHints":{"allow":["GET"]}}],"collection":[{"href":"https:\/\/www.europesays.com\/fr\/wp-json\/wp\/v2\/posts"}],"about":[{"href":"https:\/\/www.europesays.com\/fr\/wp-json\/wp\/v2\/types\/post"}],"author":[{"embeddable":true,"href":"https:\/\/www.europesays.com\/fr\/wp-json\/wp\/v2\/users\/2"}],"replies":[{"embeddable":true,"href":"https:\/\/www.europesays.com\/fr\/wp-json\/wp\/v2\/comments?post=365322"}],"version-history":[{"count":0,"href":"https:\/\/www.europesays.com\/fr\/wp-json\/wp\/v2\/posts\/365322\/revisions"}],"wp:featuredmedia":[{"embeddable":true,"href":"https:\/\/www.europesays.com\/fr\/wp-json\/wp\/v2\/media\/365323"}],"wp:attachment":[{"href":"https:\/\/www.europesays.com\/fr\/wp-json\/wp\/v2\/media?parent=365322"}],"wp:term":[{"taxonomy":"category","embeddable":true,"href":"https:\/\/www.europesays.com\/fr\/wp-json\/wp\/v2\/categories?post=365322"},{"taxonomy":"post_tag","embeddable":true,"href":"https:\/\/www.europesays.com\/fr\/wp-json\/wp\/v2\/tags?post=365322"}],"curies":[{"name":"wp","href":"https:\/\/api.w.org\/{rel}","templated":true}]}}