{"id":365324,"date":"2025-09-04T09:15:16","date_gmt":"2025-09-04T09:15:16","guid":{"rendered":"https:\/\/www.europesays.com\/fr\/365324\/"},"modified":"2025-09-04T09:15:16","modified_gmt":"2025-09-04T09:15:16","slug":"la-serie-dans-de-beaux-draps-tournee-en-partie-dans-la-metropole-de-lille-est-visible-sur-france-tv","status":"publish","type":"post","link":"https:\/\/www.europesays.com\/fr\/365324\/","title":{"rendered":"La s\u00e9rie \u00ab Dans de beaux draps \u00bb, tourn\u00e9e en partie dans la m\u00e9tropole de Lille, est visible sur France TV"},"content":{"rendered":"<p>            Par<br \/>\n        <strong><br \/>\n            <a href=\"https:\/\/actu.fr\/auteur\/amandine-vachez\" title=\"Consulter tous les articles de Amandine Vachez\" rel=\"nofollow noopener\" target=\"_blank\">Amandine Vachez<\/a><br \/>\n        <\/strong><\/p>\n<p>        Publi\u00e9 le<\/p>\n<p>            4 sept. 2025 \u00e0 10h02        <\/p>\n<p>\u00ab\u2009C\u2019est une s\u00e9rie positive, avec un beau message, de belles valeurs\u2009\u00bb, confiait sa<b> r\u00e9alisatrice St\u00e9phanie Pillonca<\/b>, lors d\u2019<a href=\"https:\/\/actu.fr\/hauts-de-france\/roubaix_59512\/roubaix-on-vous-emmene-dans-les-coulisses-de-tournage-dune-serie-bientot-diffusee-sur-france-2_61999665.html\" rel=\"nofollow noopener\" target=\"_blank\">une \u00e9tape de tournage que nous avons pu suivre \u00e0 Roubaix<\/a>, fin 2024. \u00c0 la<b> rentr\u00e9e 2025, Dans de beaux draps<\/b> est visible sur la plateforme <a href=\"https:\/\/www.france.tv\/france-2\/dans-de-beaux-draps\/\" rel=\"nofollow noopener\" target=\"_blank\">France TV<\/a>. De nombreuses sc\u00e8nes ont \u00e9t\u00e9 tourn\u00e9es dans la m\u00e9tropole de <a href=\"https:\/\/actu.fr\/lille\/\" rel=\"nofollow noopener\" target=\"_blank\">Lille<\/a> (Nord). Attendez-vous \u00e0 beaucoup de rebondissements, port\u00e9s par un casting d\u2019exception.<\/p>\n<p>De la haute bourgeoisie \u00e0 la ruine<\/p>\n<p class=\" wall-content\">Voici le r\u00e9sum\u00e9 de cette s\u00e9rie de 6 \u00e9pisodes de 52\u00a0minutes, tourn\u00e9s en grande partie dans la m\u00e9tropole lilloise\u2009: \u00e0 Lille, Marcq-en-Bar\u0153ul et Roubaix. \u00ab\u2009Justine et R\u00e9mi Blanchet sont sur le point d\u2019acc\u00e9der au saint des saints de la haute bourgeoisie gr\u00e2ce au mariage de Capucine, leur fille a\u00een\u00e9e, avec le meilleur parti de la ville. Malheureusement, tout tombe \u00e0 l\u2019eau lorsqu\u2019ils se retrouvent ruin\u00e9s. Incapables d\u2019assumer ce d\u00e9classement social, Justine et R\u00e9mi vont peu \u00e0 peu devenir ma\u00eetres dans l\u2019art de la duplicit\u00e9 et de la tromperie, trouvant dans leur double vie rocambolesque et dangereuse un retour de flamme inattendu.\u2009\u00bb<\/p>\n<p class=\" wall-content\">Une vingtaine d\u2019acteurs et d\u2019actrices donnent corps \u00e0 cette fiction \u00e9crite par Sarah Tissandier et Fabrice de Costil, dont El\u00e9onore Bernheim, Gil Alma, Charlie Bruneau, Ari\u00e9 Elmaleh, Amaury de Crayencour, Dan Herzberg, Marie-Christine Adam, Bernadette Le Sach\u00e9, Carima Amarouche ou encore Camille Genau.<\/p>\n<p>Ari\u00e9 Elmaleh et Charlie Bruneau tournent dans une maison de Roubaix<\/p>\n<p class=\" wall-content\">Apr\u00e8s une partie du tournage r\u00e9alis\u00e9e \u00e0 Lille, chez le fleuriste Vert Mousse, puis dans une habitation de Marcq-en-Bar\u0153ul en octobre\u00a02024, une autre partie des sc\u00e8nes a \u00e9t\u00e9 tourn\u00e9e \u00e0 Roubaix, en d\u00e9cembre.<b> <\/b>Ari\u00e9 Elmaleh et Charlie Bruneau y campaient un couple, vivant avec leur fille adolescente. C\u2019est \u00e0 cette occasion que nous avons pu rencontrer St\u00e9phanie Pillonca et son \u00e9quipe. \u00ab\u2009J\u2019\u00e9tais ravie de revenir dans la r\u00e9gion. Tout le monde est motiv\u00e9 pour ce projet\u2009!\u2009\u00bb, partageait-elle, \u00e0 l\u2019aube de tourner une grande sc\u00e8ne nocturne, pour un Nouvel an fictif. \u00ab\u2009Ici, on est toujours bien accueillis, et les \u00e9quipes sont tr\u00e8s bonnes, techniquement.\u2009\u00bb<\/p>\n<p class=\" wall-content\">Si vous voulez voir le r\u00e9sultat, rendez-vous <a href=\"https:\/\/www.france.tv\/france-2\/dans-de-beaux-draps\/#about-section\" rel=\"nofollow noopener\" target=\"_blank\">sur la plateforme France TV<\/a>. La s\u00e9rie est disponible en replay jusqu\u2019en mars prochain.<\/p>\n<p class=\" wall-content\">Personnalisez votre actualit\u00e9 en ajoutant vos villes et m\u00e9dias en favori avec <a href=\"https:\/\/moncompte.actu.fr\" title=\"D\u00e9couvez Mon Actu\" rel=\"nofollow noopener\" data-trk=\"{&quot;cta&quot;:{&quot;action&quot;:&quot;https:\\\/\\\/moncompte.actu.fr&quot;,&quot;category&quot;:&quot;mon compte&quot;,&quot;from&quot;:&quot;article footer&quot;,&quot;name&quot;:&quot;Mon actu&quot;,&quot;type&quot;:&quot;cta&quot;}}\" target=\"_blank\">Mon Actu<\/a>.<\/p>\n","protected":false},"excerpt":{"rendered":"Par Amandine Vachez Publi\u00e9 le 4 sept. 2025 \u00e0 10h02 \u00ab\u2009C\u2019est une s\u00e9rie positive, avec un beau message,&hellip;\n","protected":false},"author":2,"featured_media":365325,"comment_status":"","ping_status":"","sticky":false,"template":"","format":"standard","meta":{"footnotes":""},"categories":[2815],"tags":[1111,11,1777,674,1011,27,811,1307,1652,12,25,1314],"class_list":{"0":"post-365324","1":"post","2":"type-post","3":"status-publish","4":"format-standard","5":"has-post-thumbnail","7":"category-lille","8":"tag-actu","9":"tag-actualites","10":"tag-eu","11":"tag-europe","12":"tag-fr","13":"tag-france","14":"tag-hauts-de-france","15":"tag-lille","16":"tag-loisirs-culture","17":"tag-news","18":"tag-republique-francaise","19":"tag-series"},"share_on_mastodon":{"url":"https:\/\/pubeurope.com\/@fr\/115145272414023943","error":""},"_links":{"self":[{"href":"https:\/\/www.europesays.com\/fr\/wp-json\/wp\/v2\/posts\/365324","targetHints":{"allow":["GET"]}}],"collection":[{"href":"https:\/\/www.europesays.com\/fr\/wp-json\/wp\/v2\/posts"}],"about":[{"href":"https:\/\/www.europesays.com\/fr\/wp-json\/wp\/v2\/types\/post"}],"author":[{"embeddable":true,"href":"https:\/\/www.europesays.com\/fr\/wp-json\/wp\/v2\/users\/2"}],"replies":[{"embeddable":true,"href":"https:\/\/www.europesays.com\/fr\/wp-json\/wp\/v2\/comments?post=365324"}],"version-history":[{"count":0,"href":"https:\/\/www.europesays.com\/fr\/wp-json\/wp\/v2\/posts\/365324\/revisions"}],"wp:featuredmedia":[{"embeddable":true,"href":"https:\/\/www.europesays.com\/fr\/wp-json\/wp\/v2\/media\/365325"}],"wp:attachment":[{"href":"https:\/\/www.europesays.com\/fr\/wp-json\/wp\/v2\/media?parent=365324"}],"wp:term":[{"taxonomy":"category","embeddable":true,"href":"https:\/\/www.europesays.com\/fr\/wp-json\/wp\/v2\/categories?post=365324"},{"taxonomy":"post_tag","embeddable":true,"href":"https:\/\/www.europesays.com\/fr\/wp-json\/wp\/v2\/tags?post=365324"}],"curies":[{"name":"wp","href":"https:\/\/api.w.org\/{rel}","templated":true}]}}