{"id":365328,"date":"2025-09-04T09:17:11","date_gmt":"2025-09-04T09:17:11","guid":{"rendered":"https:\/\/www.europesays.com\/fr\/365328\/"},"modified":"2025-09-04T09:17:11","modified_gmt":"2025-09-04T09:17:11","slug":"attaque-au-couteau-a-marseille-on-a-alerte-ils-ne-pourront-pas-dire-je-ne-savais-pas-selon-kader-benayed","status":"publish","type":"post","link":"https:\/\/www.europesays.com\/fr\/365328\/","title":{"rendered":"Attaque au couteau \u00e0 Marseille\u00a0: \u00ab\u00a0On a alert\u00e9, ils ne pourront pas dire je ne savais pas\u00a0\u00bb, selon Kader Benayed"},"content":{"rendered":"<p>Apr\u00e8s l&rsquo;attaque au couteau survenue mardi 2 septembre dans le quartier Belsunce \u00e0 Marseille, le secr\u00e9taire g\u00e9n\u00e9ral Sud Sant\u00e9 de l\u2019h\u00f4pital \u00c9douard-Toulouse alerte ce jeudi sur le manque de moyens et la baisse des capacit\u00e9s d\u2019accueil en psychiatrie.<\/p>\n<p>Plus de 24 heures apr\u00e8s <a class=\"IciLink ici-link IciArticleLink g-ici-body-regular-1 underline brand svelte-lu7k6w\" href=\"https:\/\/www.francebleu.fr\/infos\/faits-divers-justice\/attaque-au-couteau-a-marseille-cinq-blesses-l-assaillant-tue-6654800\" rel=\"nofollow noopener\" target=\"_blank\">l&rsquo;attaque au couteau qui a fait cinq bless\u00e9s \u00e0 Marseille<\/a>, le procureur de la R\u00e9publique a parl\u00e9 d\u2019un \u00ab\u00a0p\u00e9riple criminel\u00a0\u00bb\u00a0\u00e0 propos de l\u2019agresseur de Belsunce. Ce Tunisien en situation r\u00e9guli\u00e8re avait \u00e9t\u00e9 signal\u00e9 \u00e0 plusieurs reprises pour son <strong>instabilit\u00e9 potentiellement violente<\/strong>.<\/p>\n<p>Pour Kader Benayed, invit\u00e9 de ICI Provence ce jeudi matin, rien de surprenant\u00a0: \u00ab\u00a0\u00c7a fait plusieurs ann\u00e9es qu\u2019on est sur votre plateau en train de vous expliquer que la baisse des capacit\u00e9s d\u2019accueil dans les quartiers nord allait avoir des cons\u00e9quences dramatiques. Aujourd\u2019hui, on y est. C\u2019est la chronique d\u2019un meurtre annonc\u00e9\u00a0\u00bb.\u00a0\u00a0Il pointe la <strong>fermeture d\u2019un centre m\u00e9dico-psychologique<\/strong> \u00e0 proximit\u00e9 du drame de Marseille\u00a0: \u00ab\u00a0Sur dix patients qui veulent consulter en premier accueil, on en perd huit. On se croirait pas en France, on se croirait dans les pays du tiers-monde\u00a0\u00bb.<\/p>\n<p>\u00ab\u00a0Quinze lits pour 130 000 habitants\u00a0\u00bb<\/p>\n<p>Le syndicaliste d\u00e9crit une <strong>situation intenable<\/strong>\u00a0: \u00ab\u00a0Pour 130.000 habitants, on avait 50 lits. Aujourd\u2019hui, on n\u2019en a plus que 25. Sur les 25, une dizaine sont pr\u00e9empt\u00e9s par le pr\u00e9fet. Il en reste 15, 15 lits seulement pour 130.000 habitants. Aujourd\u2019hui, on soigne qui\u00a0? On priorise comment?\u00a0\u00bb.\u00a0Un choix qu\u2019il juge inhumain\u00a0: \u00ab\u00a0Choisir, c\u2019est renoncer. Aujourd\u2019hui, c\u2019est ce qu\u2019on nous demande de faire et ce n\u2019est pas humain.\u00a0\u00bb<\/p>\n<p>Des promesses sans suite<\/p>\n<p>Kader Benayed rappelle l\u2019engagement du Premier ministre Michel Barnier en octobre dernier\u00a0: \u00ab\u00a0La sant\u00e9 mentale sera la <strong>grande cause nationale de 2025<\/strong>\u00ab\u00a0.\u00a0\u00a0Mais il d\u00e9nonce l\u2019\u00e9cart entre discours et r\u00e9alit\u00e9\u00a0: \u00ab\u00a0Il y a les d\u00e9clarations d\u2019amour, il y a les preuves d\u2019amour. On s\u2019attendait \u00e0 du plus, on a eu du moins. On perd des effectifs\u00a0\u00bb.<\/p>\n<p>Selon lui, le <strong>risque de nouveaux drames<\/strong> est certain\u00a0: \u00ab\u00a0Dans les mois, dans les semaines qui vont suivre, il y aura encore un fait divers et on n\u2019aura que nos yeux pour pleurer\u00a0\u00bb.<\/p>\n<p>\u00c0 \u00e9couter aussi   <img decoding=\"async\" src=\"https:\/\/www.europesays.com\/fr\/wp-content\/uploads\/2025\/09\/1756977430_184_200x200\" alt=\"C'est au snack Istanbul City que l'assaillant a \u00e9t\u00e9 tu\u00e9.\" style=\"--_image-preview:url('data:image\/jpeg;base64,\/9j\/2wBDACgcHiMeGSgjISMtKygwPGRBPDc3PHtYXUlkkYCZlo+AjIqgtObDoKrarYqMyP\/L2u71\/\/\/\/m8H\/\/\/\/6\/+b9\/\/j\/2wBDASstLTw1PHZBQXb4pYyl+Pj4+Pj4+Pj4+Pj4+Pj4+Pj4+Pj4+Pj4+Pj4+Pj4+Pj4+Pj4+Pj4+Pj4+Pj4+Pj4+Pj\/wAARCAAqACoDASIAAhEBAxEB\/8QAGAABAQEBAQAAAAAAAAAAAAAAAQIDAAT\/xAAYEAEBAQEBAAAAAAAAAAAAAAAAARECEv\/EABUBAQEAAAAAAAAAAAAAAAAAAAAB\/8QAFBEBAAAAAAAAAAAAAAAAAAAAAP\/aAAwDAQACEQMRAD8A8khxUhxFR5djTBYIzsGLsGA1xy7E1RIpoAVJoB7Ooy6b9sOhGdBoFANAr\/\/Z');\" loading=\"lazy\" fetchpriority=\"low\" aria-hidden=\"true\" class=\"svelte-1pnmlwx rounded\" onload=\"this.__e=event\" onerror=\"this.__e=event\"\/>\u00c0 lire aussi   <img decoding=\"async\" src=\"https:\/\/www.europesays.com\/fr\/wp-content\/uploads\/2025\/09\/1756977431_783_200x200\" alt=\"Nicolas Bessone, lors de la conf\u00e9rence de presse ce mercredi\" style=\"--_image-preview:url('data:image\/jpeg;base64,\/9j\/2wBDACgcHiMeGSgjISMtKygwPGRBPDc3PHtYXUlkkYCZlo+AjIqgtObDoKrarYqMyP\/L2u71\/\/\/\/m8H\/\/\/\/6\/+b9\/\/j\/2wBDASstLTw1PHZBQXb4pYyl+Pj4+Pj4+Pj4+Pj4+Pj4+Pj4+Pj4+Pj4+Pj4+Pj4+Pj4+Pj4+Pj4+Pj4+Pj4+Pj4+Pj\/wAARCAAqACoDASIAAhEBAxEB\/8QAGAAAAwEBAAAAAAAAAAAAAAAAAQIDAAT\/xAAZEAEBAQEBAQAAAAAAAAAAAAAAAQISERP\/xAAWAQEBAQAAAAAAAAAAAAAAAAABAAL\/xAAUEQEAAAAAAAAAAAAAAAAAAAAA\/9oADAMBAAIRAxEAPwDquy3SH0C7BVui9JXZbsFftu3P23aROx6QmjStBS6D0o+BD63rSD4i5pTypRTLTKkPCZPEhkHxoIL\/2Q==');\" loading=\"lazy\" fetchpriority=\"low\" aria-hidden=\"true\" class=\"svelte-1pnmlwx rounded\" onload=\"this.__e=event\" onerror=\"this.__e=event\"\/><\/p>\n","protected":false},"excerpt":{"rendered":"Apr\u00e8s l&rsquo;attaque au couteau survenue mardi 2 septembre dans le quartier Belsunce \u00e0 Marseille, le secr\u00e9taire g\u00e9n\u00e9ral Sud&hellip;\n","protected":false},"author":2,"featured_media":365329,"comment_status":"","ping_status":"","sticky":false,"template":"","format":"standard","meta":{"footnotes":""},"categories":[2814],"tags":[1111,11,1777,674,1011,27,884,12,882,25],"class_list":{"0":"post-365328","1":"post","2":"type-post","3":"status-publish","4":"format-standard","5":"has-post-thumbnail","7":"category-marseille","8":"tag-actu","9":"tag-actualites","10":"tag-eu","11":"tag-europe","12":"tag-fr","13":"tag-france","14":"tag-marseille","15":"tag-news","16":"tag-provence-alpes-cote-dazur","17":"tag-republique-francaise"},"share_on_mastodon":{"url":"https:\/\/pubeurope.com\/@fr\/115145280412567052","error":""},"_links":{"self":[{"href":"https:\/\/www.europesays.com\/fr\/wp-json\/wp\/v2\/posts\/365328","targetHints":{"allow":["GET"]}}],"collection":[{"href":"https:\/\/www.europesays.com\/fr\/wp-json\/wp\/v2\/posts"}],"about":[{"href":"https:\/\/www.europesays.com\/fr\/wp-json\/wp\/v2\/types\/post"}],"author":[{"embeddable":true,"href":"https:\/\/www.europesays.com\/fr\/wp-json\/wp\/v2\/users\/2"}],"replies":[{"embeddable":true,"href":"https:\/\/www.europesays.com\/fr\/wp-json\/wp\/v2\/comments?post=365328"}],"version-history":[{"count":0,"href":"https:\/\/www.europesays.com\/fr\/wp-json\/wp\/v2\/posts\/365328\/revisions"}],"wp:featuredmedia":[{"embeddable":true,"href":"https:\/\/www.europesays.com\/fr\/wp-json\/wp\/v2\/media\/365329"}],"wp:attachment":[{"href":"https:\/\/www.europesays.com\/fr\/wp-json\/wp\/v2\/media?parent=365328"}],"wp:term":[{"taxonomy":"category","embeddable":true,"href":"https:\/\/www.europesays.com\/fr\/wp-json\/wp\/v2\/categories?post=365328"},{"taxonomy":"post_tag","embeddable":true,"href":"https:\/\/www.europesays.com\/fr\/wp-json\/wp\/v2\/tags?post=365328"}],"curies":[{"name":"wp","href":"https:\/\/api.w.org\/{rel}","templated":true}]}}