{"id":36533,"date":"2025-04-19T12:56:19","date_gmt":"2025-04-19T12:56:19","guid":{"rendered":"https:\/\/www.europesays.com\/fr\/36533\/"},"modified":"2025-04-19T12:56:19","modified_gmt":"2025-04-19T12:56:19","slug":"8-livres-dart-pour-sevader-ce-printemps","status":"publish","type":"post","link":"https:\/\/www.europesays.com\/fr\/36533\/","title":{"rendered":"8 livres d&rsquo;art pour s&rsquo;\u00e9vader ce printemps"},"content":{"rendered":"<p>\t\t\t8\/9\t\t<\/p>\n<p class=\"leading-normal font-bold text-xl lg:text-5xl\">\n\t\t\tL\u2019architecture a la main verte\t\t<\/p>\n<p>\t\tPubli\u00e9 par Citadelles &amp; Mazenod (maison d\u2019\u00e9dition appartenant au m\u00eame groupe que \u00ab Connaissance des Arts \u00bb), l\u2019\u00e9pais volume Architecture et Nature commence par d\u00e9couper le monde en trois parties (Europe-Afrique, Asie-Australie, Am\u00e9riques) signal\u00e9es chacune par un code couleur, avant de nous entra\u00eener dans un formidable voyage. Au fil des pages, le lecteur multiplie les escales, de pays en pays, \u00e0 la ville comme \u00e0 la campagne, \u00e0 la d\u00e9couverte des propositions r\u00e9centes d\u2019architectes, urbanistes et paysagistes alliant nature et architecture. Villas, promenades, places, parcs, th\u00e9\u00e2tres de verdure, centre hospitalier, mus\u00e9e, bords de lac ou de rivi\u00e8re, campus universitaire, terminal d\u2019a\u00e9roport, maisons individuelles, lieux de culte ou cour d\u2019\u00e9cole\u2026 mettent \u00e0 l&rsquo;honneur le v\u00e9g\u00e9tal dans des projets d\u2019am\u00e9nagement qui font souvent r\u00eaver. Pr\u00e9sent\u00e9e sur une ou plus souvent deux pages, chaque r\u00e9alisation est mise en lumi\u00e8re \u00e0 travers une iconographie abondante, m\u00ealant photographies, plans, esquisses et images 3D. R\u00e9duit \u00e0 sa substantifique moelle, le texte, accessible et agr\u00e9able \u00e0 lire, en dit juste assez pour que l\u2019on puisse, sans se lasser, continuer \u00e0 feuilleter l\u2019ouvrage. R\u00e9v\u00e9lateur des pr\u00e9occupations \u00e9cologiques actuelles et de l\u2019imp\u00e9rieuse n\u00e9cessit\u00e9 de d\u00e9velopper la pr\u00e9sence du v\u00e9g\u00e9tal, ce tour du monde de l\u2019architecture actuelle montre un foisonnement de r\u00e9ponses qui permettent d\u2019esp\u00e9rer. <\/p>\n<p><b> Chris van Uffelen, Architecture et nature, \u00e9d. Citadelles &amp; Mazenod, 448 pp., env.1000 ill., 95 \u20ac. <\/b>\t<\/p>\n","protected":false},"excerpt":{"rendered":"8\/9 L\u2019architecture a la main verte Publi\u00e9 par Citadelles &amp; Mazenod (maison d\u2019\u00e9dition appartenant au m\u00eame groupe que&hellip;\n","protected":false},"author":2,"featured_media":36534,"comment_status":"","ping_status":"","sticky":false,"template":"","format":"standard","meta":{"footnotes":""},"categories":[1357],"tags":[1379,58,59,1011,27,1380],"class_list":{"0":"post-36533","1":"post","2":"type-post","3":"status-publish","4":"format-standard","5":"has-post-thumbnail","7":"category-livres","8":"tag-books","9":"tag-divertissement","10":"tag-entertainment","11":"tag-fr","12":"tag-france","13":"tag-livres"},"share_on_mastodon":{"url":"https:\/\/pubeurope.com\/@fr\/114364742644233972","error":""},"_links":{"self":[{"href":"https:\/\/www.europesays.com\/fr\/wp-json\/wp\/v2\/posts\/36533","targetHints":{"allow":["GET"]}}],"collection":[{"href":"https:\/\/www.europesays.com\/fr\/wp-json\/wp\/v2\/posts"}],"about":[{"href":"https:\/\/www.europesays.com\/fr\/wp-json\/wp\/v2\/types\/post"}],"author":[{"embeddable":true,"href":"https:\/\/www.europesays.com\/fr\/wp-json\/wp\/v2\/users\/2"}],"replies":[{"embeddable":true,"href":"https:\/\/www.europesays.com\/fr\/wp-json\/wp\/v2\/comments?post=36533"}],"version-history":[{"count":0,"href":"https:\/\/www.europesays.com\/fr\/wp-json\/wp\/v2\/posts\/36533\/revisions"}],"wp:featuredmedia":[{"embeddable":true,"href":"https:\/\/www.europesays.com\/fr\/wp-json\/wp\/v2\/media\/36534"}],"wp:attachment":[{"href":"https:\/\/www.europesays.com\/fr\/wp-json\/wp\/v2\/media?parent=36533"}],"wp:term":[{"taxonomy":"category","embeddable":true,"href":"https:\/\/www.europesays.com\/fr\/wp-json\/wp\/v2\/categories?post=36533"},{"taxonomy":"post_tag","embeddable":true,"href":"https:\/\/www.europesays.com\/fr\/wp-json\/wp\/v2\/tags?post=36533"}],"curies":[{"name":"wp","href":"https:\/\/api.w.org\/{rel}","templated":true}]}}