{"id":365334,"date":"2025-09-04T09:20:12","date_gmt":"2025-09-04T09:20:12","guid":{"rendered":"https:\/\/www.europesays.com\/fr\/365334\/"},"modified":"2025-09-04T09:20:12","modified_gmt":"2025-09-04T09:20:12","slug":"ramasser-des-fruits-et-legumes-en-ile-de-france-cest-maintenant-possible-et-voici-tout-ce-que-vous-devez-savoir","status":"publish","type":"post","link":"https:\/\/www.europesays.com\/fr\/365334\/","title":{"rendered":"Ramasser des fruits et l\u00e9gumes en \u00cele-de-France c&rsquo;est maintenant possible et voici tout ce que vous devez savoir"},"content":{"rendered":"<p>\n        En \u00cele-de-France, une carte collaborative r\u00e9v\u00e8le des lieux o\u00f9 ramasser gratuitement fruits et l\u00e9gumes, dans un cadre l\u00e9gal bien d\u00e9fini.    <\/p>\n<p class=\"standard\">En \u00cele-de-France, il est d\u00e9sormais facile de remplir son panier <strong>sans d\u00e9penser un centime<\/strong> gr\u00e2ce au glanage, une habitude ancienne <strong>remise au go\u00fbt du jour<\/strong> pour limiter le <a href=\"https:\/\/www.marmiton.org\/trucs-et-astuces\/gaspillage-alimentaire-ces-10-chiffres-chocs-que-tout-le-monde-devrait-avoir-en-tete-s4043333.html\" target=\"_blank\" rel=\"nofollow noopener\">gaspillage alimentaire<\/a>. <\/p>\n<p class=\"standard\">Ce dernier s\u00e9duit aujourd\u2019hui un <strong>public plus large<\/strong>, port\u00e9 par des outils collaboratifs tels que la<strong> carte interactive Falling Fruit<\/strong> qui recense plus de 15 000 lieux de <a href=\"https:\/\/www.marmiton.org\/bien-choisir-ses-aliments\/cueillette-sauvage-quelles-sont-les-regles-a-respecter-s4049519.html\" target=\"_blank\" rel=\"nofollow noopener\">cueillette<\/a> en France, rapportent nos confr\u00e8res de <a href=\"https:\/\/www.sortiraparis.com\/bons-plans\/sorties-gratuites\/articles\/321249-le-saviez-vous-on-peut-glaner-et-ramasser-gratuitement-des-fruits-et-legumes-en-ile-de-france\" rel=\"noopener noreferrer nofollow\" target=\"_blank\">Sortir \u00e0 Paris<\/a>.<\/p>\n<p class=\"standard\">Des champs aux coins de rue, la r\u00e9gion parisienne offre de nombreuses occasions de<strong> ramasser fruits et l\u00e9gumes<\/strong> apr\u00e8s la r\u00e9colte et d\u2019allier ainsi produits frais et <strong>d\u00e9marche \u00e9co-responsable<\/strong>.<\/p>\n<p>Le glanage, des champs aux villes<\/p>\n<p class=\"standard\">Autrefois limit\u00e9 aux restes de r\u00e9coltes laiss\u00e9s dans les champs, le glanage s\u2019invite aujourd\u2019hui <strong>jusque dans les espaces urbains<\/strong>. Parcs, jardins partag\u00e9s ou terrains publics deviennent autant de lieux o\u00f9 l\u2019on peut r\u00e9cup\u00e9rer des <a href=\"https:\/\/www.marmiton.org\/bien-choisir-ses-aliments\/les-10-fruits-que-vous-devriez-manger-chaque-semaine-selon-cette-dieteticienne-s4115231.html\" target=\"_blank\" rel=\"nofollow noopener\">fruits<\/a> tomb\u00e9s ou des <strong>l\u00e9gumes d\u00e9laiss\u00e9s<\/strong>.<\/p>\n<p class=\"standard\">Pour s\u2019y retrouver, une<strong> carte collaborative en ligne<\/strong>, Falling Fruit, permet de rep\u00e9rer facilement ces points de cueillette en \u00cele-de-France comme ailleurs, et d\u2019en<strong> faire profiter la communaut\u00e9<\/strong>. <\/p>\n<p class=\"standard\">Cr\u00e9\u00e9e en 2016 par des \u00e9tudiants am\u00e9ricains, cette plateforme r\u00e9pertorie d\u00e9j\u00e0 pr\u00e8s de <strong>15 000 emplacements en France<\/strong>, avec une densit\u00e9 particuli\u00e8rement marqu\u00e9e <strong>autour de Paris<\/strong>. <\/p>\n<p class=\"standard\">Accessible depuis un ordinateur ou via une<strong> application mobile<\/strong> sur iOS et Android, elle s\u2019appuie sur les contributions des utilisateurs pour signaler les endroits o\u00f9 glaner pommes, noisettes ou l\u00e9gumes oubli\u00e9s. Une fa\u00e7on simple de donner une <strong>seconde vie aux r\u00e9coltes<\/strong> et de lutter concr\u00e8tement contre le gaspillage alimentaire.<\/p>\n<p>Un cadre l\u00e9gal pr\u00e9cis pour une pratique responsable<\/p>\n<p class=\"standard\">Le glanage ne s\u2019improvise pas : en France, il est strictement <strong>encadr\u00e9 par le Code civil<\/strong> et le Code p\u00e9nal. La r\u00e8gle est claire : seuls les fruits et l\u00e9gumes<strong> restants apr\u00e8s la r\u00e9colte<\/strong> peuvent \u00eatre ramass\u00e9s, et en milieu urbain, cela se limite aux produits tomb\u00e9s au sol.<\/p>\n<p class=\"standard\">La cueillette directe sur un arbre, qu\u2019il soit public ou priv\u00e9, reste <strong>interdite sans autorisation<\/strong>. Dans les champs ou vergers non cl\u00f4tur\u00e9s, la r\u00e9colte apr\u00e8s moisson est tol\u00e9r\u00e9e, mais demander l\u2019accord de l\u2019exploitant demeure une marque de respect et permet d\u2019<strong>\u00e9viter tout malentendu<\/strong>, d\u2019autant que certaines communes fixent leurs propres r\u00e8gles.<\/p>\n<p class=\"standard\">En \u00cele-de-France, le glanage s\u2019exprime sous diff\u00e9rentes formes :<strong> invendus de march\u00e9<\/strong> r\u00e9cup\u00e9r\u00e9s en fin de journ\u00e9e, p\u00e9riodes de r\u00e9colte organis\u00e9es dans les jardins partag\u00e9s ou parcs municipaux, ou encore initiatives locales men\u00e9es par les communes \u00ab villes et villages comestibles \u00bb qui incitent leurs habitants \u00e0 <strong>profiter des productions locales<\/strong>. <\/p>\n<p class=\"standard\">Qu\u2019il se pratique en pleine campagne ou <strong>au c\u0153ur des villes<\/strong>, ce geste simple permet d\u2019acc\u00e9der gratuitement \u00e0 des <strong>produits frais et de saison<\/strong> tout en participant \u00e0 une d\u00e9marche collective.<\/p>\n<p class=\"standard\"><strong>\u00c0 lire aussi<\/strong> :\n<\/p>\n<p>    <a href=\"https:\/\/www.marmiton.org\/author\/27638\" rel=\"nofollow noopener\" target=\"_blank\"><br \/>\n        <img loading=\"lazy\" decoding=\"async\" src=\"https:\/\/www.europesays.com\/fr\/wp-content\/uploads\/2025\/07\/369194595_s50.jpeg\" width=\"50\" height=\"50\" alt=\"Fostine Carracillo\"\/><br \/>\n    <\/a><\/p>\n<p>            R\u00e9dactrice cuisine\n    <\/p>\n<p>R\u00e9dactrice passionn\u00e9e d&rsquo;exploration gustative, je me plais autant \u00e0 partager mes recettes pr\u00e9f\u00e9r\u00e9es qu&rsquo;\u00e0 me r\u00e9galer. Derri\u00e8re ma plume ? Des contenus 100 % test\u00e9s et approuv\u00e9s.\u00a0<br \/>\nQuand mon c\u0153ur ne \u2026<\/p>\n","protected":false},"excerpt":{"rendered":"En \u00cele-de-France, une carte collaborative r\u00e9v\u00e8le des lieux o\u00f9 ramasser gratuitement fruits et l\u00e9gumes, dans un cadre l\u00e9gal&hellip;\n","protected":false},"author":2,"featured_media":271570,"comment_status":"","ping_status":"","sticky":false,"template":"","format":"standard","meta":{"footnotes":""},"categories":[1592],"tags":[1111,11,8263,17888,49976,49977,1777,674,1011,27,662,23036,12,626,25,8551],"class_list":{"0":"post-365334","1":"post","2":"type-post","3":"status-publish","4":"format-standard","5":"has-post-thumbnail","7":"category-ile-de-france","8":"tag-actu","9":"tag-actualites","10":"tag-actus-food","11":"tag-adresses","12":"tag-anti-gaspi-0-du00e9chet","13":"tag-astuces-de-cuisine","14":"tag-eu","15":"tag-europe","16":"tag-fr","17":"tag-france","18":"tag-ile-de-france","19":"tag-mieux-manger","20":"tag-news","21":"tag-paris","22":"tag-republique-francaise","23":"tag-tendance"},"share_on_mastodon":{"url":"https:\/\/pubeurope.com\/@fr\/115145292516785238","error":""},"_links":{"self":[{"href":"https:\/\/www.europesays.com\/fr\/wp-json\/wp\/v2\/posts\/365334","targetHints":{"allow":["GET"]}}],"collection":[{"href":"https:\/\/www.europesays.com\/fr\/wp-json\/wp\/v2\/posts"}],"about":[{"href":"https:\/\/www.europesays.com\/fr\/wp-json\/wp\/v2\/types\/post"}],"author":[{"embeddable":true,"href":"https:\/\/www.europesays.com\/fr\/wp-json\/wp\/v2\/users\/2"}],"replies":[{"embeddable":true,"href":"https:\/\/www.europesays.com\/fr\/wp-json\/wp\/v2\/comments?post=365334"}],"version-history":[{"count":0,"href":"https:\/\/www.europesays.com\/fr\/wp-json\/wp\/v2\/posts\/365334\/revisions"}],"wp:featuredmedia":[{"embeddable":true,"href":"https:\/\/www.europesays.com\/fr\/wp-json\/wp\/v2\/media\/271570"}],"wp:attachment":[{"href":"https:\/\/www.europesays.com\/fr\/wp-json\/wp\/v2\/media?parent=365334"}],"wp:term":[{"taxonomy":"category","embeddable":true,"href":"https:\/\/www.europesays.com\/fr\/wp-json\/wp\/v2\/categories?post=365334"},{"taxonomy":"post_tag","embeddable":true,"href":"https:\/\/www.europesays.com\/fr\/wp-json\/wp\/v2\/tags?post=365334"}],"curies":[{"name":"wp","href":"https:\/\/api.w.org\/{rel}","templated":true}]}}