{"id":365347,"date":"2025-09-04T09:27:10","date_gmt":"2025-09-04T09:27:10","guid":{"rendered":"https:\/\/www.europesays.com\/fr\/365347\/"},"modified":"2025-09-04T09:27:10","modified_gmt":"2025-09-04T09:27:10","slug":"troupes-occidentales-en-ukraine-il-nappartient-pas-a-la-russie-de-decider-insiste-le-secretaire-general-de-lotan","status":"publish","type":"post","link":"https:\/\/www.europesays.com\/fr\/365347\/","title":{"rendered":"Troupes occidentales en Ukraine\u00a0: il n\u2019appartient pas \u00e0 la Russie de \u00ab\u00a0d\u00e9cider\u00a0\u00bb, insiste le secr\u00e9taire g\u00e9n\u00e9ral de l\u2019Otan"},"content":{"rendered":"<p>\u00ab Pourquoi nous int\u00e9ressons-nous \u00e0 ce que pense la Russie au sujet des <a href=\"https:\/\/www.letelegramme.fr\/monde\/e-une-intervention-etrangere-serait-inacceptable-moscou-accuse-lukraine-de-ne-pas-vouloir-daccord-juste-et-durable-6874320.php\" target=\"_blank\" rel=\"nofollow noopener\">troupes en Ukraine<\/a> ? (\u2026) Ce n\u2019est pas \u00e0 eux de d\u00e9cider \u00bb, a affirm\u00e9, ce jeudi, le secr\u00e9taire g\u00e9n\u00e9ral de l\u2019Otan Mark Rutte, lors d\u2019une conf\u00e9rence sur la s\u00e9curit\u00e9 \u00e0 Prague.<\/p>\n<p>La Russie a averti jeudi qu\u2019elle refusait de discuter d\u2019une quelconque \u00ab intervention \u00e9trang\u00e8re \u00bb en Ukraine, \u00ab qu\u2019elle qu\u2019en soit la forme \u00bb, alors que certains Europ\u00e9ens se sont dits pr\u00eats \u00e0 d\u00e9ployer des troupes dans le cadre d\u2019un r\u00e8glement du conflit.<\/p>\n<p>Rutte doit participer jeudi, en visioconf\u00e9rence, \u00e0 une <a href=\"https:\/\/www.letelegramme.fr\/monde\/ukraine-les-europeens-actent-ce-jeudi-de-futures-garanties-de-securite-mais-attendent-toujours-les-americains-6881671.php\" target=\"_blank\" rel=\"nofollow noopener\">r\u00e9union \u00e0 Paris de la coalition des volontaires<\/a>, une trentaine de pays essentiellement europ\u00e9ens, pr\u00eats \u00e0 garantir la s\u00e9curit\u00e9 de l\u2019Ukraine apr\u00e8s la fin des combats, y compris avec l\u2019envoi de troupes.<\/p>\n<p>La France et la Grande-Bretagne copr\u00e9sident cette r\u00e9union au cours de laquelle les alli\u00e9s de l\u2019Ukraine veulent montrer au pr\u00e9sident am\u00e9ricain Donald Trump qu\u2019ils sont pr\u00eats \u00e0 fournir des garanties de s\u00e9curit\u00e9 \u00e0 Kiev si Washington assure ses arri\u00e8res et met la pression sur Moscou.<\/p>\n","protected":false},"excerpt":{"rendered":"\u00ab Pourquoi nous int\u00e9ressons-nous \u00e0 ce que pense la Russie au sujet des troupes en Ukraine ? (\u2026)&hellip;\n","protected":false},"author":2,"featured_media":365348,"comment_status":"","ping_status":"","sticky":false,"template":"","format":"standard","meta":{"footnotes":""},"categories":[1590],"tags":[11,765,1777,674,131,2069,74,12,136,220],"class_list":{"0":"post-365347","1":"post","2":"type-post","3":"status-publish","4":"format-standard","5":"has-post-thumbnail","7":"category-ukraine","8":"tag-actualites","9":"tag-en-continu","10":"tag-eu","11":"tag-europe","12":"tag-guerre-en-ukraine","13":"tag-guerre-ukraine-russie","14":"tag-monde","15":"tag-news","16":"tag-otan","17":"tag-ukraine"},"share_on_mastodon":{"url":"https:\/\/pubeurope.com\/@fr\/115145319582375176","error":""},"_links":{"self":[{"href":"https:\/\/www.europesays.com\/fr\/wp-json\/wp\/v2\/posts\/365347","targetHints":{"allow":["GET"]}}],"collection":[{"href":"https:\/\/www.europesays.com\/fr\/wp-json\/wp\/v2\/posts"}],"about":[{"href":"https:\/\/www.europesays.com\/fr\/wp-json\/wp\/v2\/types\/post"}],"author":[{"embeddable":true,"href":"https:\/\/www.europesays.com\/fr\/wp-json\/wp\/v2\/users\/2"}],"replies":[{"embeddable":true,"href":"https:\/\/www.europesays.com\/fr\/wp-json\/wp\/v2\/comments?post=365347"}],"version-history":[{"count":0,"href":"https:\/\/www.europesays.com\/fr\/wp-json\/wp\/v2\/posts\/365347\/revisions"}],"wp:featuredmedia":[{"embeddable":true,"href":"https:\/\/www.europesays.com\/fr\/wp-json\/wp\/v2\/media\/365348"}],"wp:attachment":[{"href":"https:\/\/www.europesays.com\/fr\/wp-json\/wp\/v2\/media?parent=365347"}],"wp:term":[{"taxonomy":"category","embeddable":true,"href":"https:\/\/www.europesays.com\/fr\/wp-json\/wp\/v2\/categories?post=365347"},{"taxonomy":"post_tag","embeddable":true,"href":"https:\/\/www.europesays.com\/fr\/wp-json\/wp\/v2\/tags?post=365347"}],"curies":[{"name":"wp","href":"https:\/\/api.w.org\/{rel}","templated":true}]}}