{"id":365351,"date":"2025-09-04T09:29:11","date_gmt":"2025-09-04T09:29:11","guid":{"rendered":"https:\/\/www.europesays.com\/fr\/365351\/"},"modified":"2025-09-04T09:29:11","modified_gmt":"2025-09-04T09:29:11","slug":"hormis-la-france-et-le-royaume-uni-la-plupart-des-pays-europeens-nont-pas-darmees-pretes-a-etre-deployees-affirme-le-journaliste-nicolas-barotte-specialiste-des-questions-de-defense","status":"publish","type":"post","link":"https:\/\/www.europesays.com\/fr\/365351\/","title":{"rendered":"\u00ab\u00a0Hormis la France et le Royaume-Uni, la plupart des pays europ\u00e9ens n&rsquo;ont pas d&rsquo;arm\u00e9es pr\u00eates \u00e0 \u00eatre d\u00e9ploy\u00e9es\u00a0\u00bb, affirme le journaliste Nicolas Barotte, sp\u00e9cialiste des questions de d\u00e9fense"},"content":{"rendered":"<p>\n  Nicolas Barotte, journaliste sp\u00e9cialiste des questions de d\u00e9fense au Figaro, est l&rsquo;invit\u00e9 du \u00ab\u00a010 minutes info\u00a0\u00bb de franceinfo jeudi 4 septembre. Accompagn\u00e9 en plateau par Fran\u00e7ois Beaudonnet, \u00e9ditorialiste international franceinfo TV, il revient sur les tensions avec la Russie que provoquerait le d\u00e9ploiement de troupes europ\u00e9ennes en Ukraine, alors que ce jeudi, les alli\u00e9s europ\u00e9ens se r\u00e9unissent \u00e0 Paris avec Volodymyr Zelensky.\n<\/p>\n<p><strong>Ce texte correspond \u00e0 une partie de la retranscription de l&rsquo;interview ci-dessus. Cliquez sur la vid\u00e9o pour la regarder en int\u00e9gralit\u00e9.<\/strong><\/p>\n<p><strong>Jean-Baptiste Marteau : <\/strong><strong>La Russie a averti ce matin qu&rsquo;elle refuserait de discuter d&rsquo;une quelconque intervention \u00e9trang\u00e8re en Ukraine, quelle qu&rsquo;en soit la forme. L\u00e0, on voit que c&rsquo;est vraiment la ligne rouge pour Moscou, cette aide, pr\u00e9sence \u00e9trang\u00e8re sur le sol ukrainien.<\/strong><\/p>\n<p><strong>Nicolas Barotte (Journaliste sp\u00e9cialiste des questions de d\u00e9fense au Figaro) :<\/strong> Oui, c&rsquo;est toute la complexit\u00e9 du moment. Poutine refuse les troupes europ\u00e9ennes sur le sol ukrainien. On sent bien que ce d\u00e9ploiement, ces garanties, sont suspendues au bon vouloir de Donald Trump, qui est un peu le garant ultime. La plupart des Europ\u00e9ens, hormis les Fran\u00e7ais et les Britanniques, tous les autres demandent, exigent, veulent que Trump leur offre une r\u00e9assurance et les prot\u00e8ge en cas d&rsquo;escalade. L&rsquo;id\u00e9e, aujourd&rsquo;hui, il s&rsquo;agit surtout de montrer \u00e0 Zelensky, aux Ukrainiens, <a href=\"https:\/\/www.franceinfo.fr\/monde\/europe\/manifestations-en-ukraine\/video-guerre-en-ukraine-les-europeens-sont-prets-a-apporter-les-garanties-de-securite-affirme-emmanuel-macron_7471144.html\" target=\"_self\" rel=\"noopener noreferrer nofollow\" data-tooltip-url=\"https:\/\/www.franceinfo.fr\/monde\/europe\/manifestations-en-ukraine\/video-guerre-en-ukraine-les-europeens-sont-prets-a-apporter-les-garanties-de-securite-affirme-emmanuel-macron_7471144.html\">que les Europ\u00e9ens sont d\u00e9termin\u00e9s \u00e0 le soutenir dans la dur\u00e9e<\/a>. Fournir de l&rsquo;aide \u00e0 l&rsquo;Ukraine dans la dur\u00e9e, c&rsquo;est l&rsquo;\u00e9l\u00e9ment cl\u00e9.<\/p>\n<p><strong>On voit bien que Moscou n&rsquo;en veut pas pour l&rsquo;instant, c&rsquo;est une ligne rouge. Mais l&rsquo;objectif des Europ\u00e9ens aujourd&rsquo;hui, c&rsquo;est d&rsquo;abord de convaincre Donald Trump, c&rsquo;est lui qu&rsquo;il faut convaincre en num\u00e9ro un ?<\/strong><\/p>\n<p><strong>Fran\u00e7ois Beaudonnet (\u00c9ditorialiste international franceinfo TV) :<\/strong> En fait, je crois que c&rsquo;est un peu le serpent qui se mord la queue. Parce que les Europ\u00e9ens n&rsquo;iront pas tant qu&rsquo;ils n&rsquo;ont pas ce qu&rsquo;on appelle le backstop, c&rsquo;est-\u00e0-dire le filet de s\u00e9curit\u00e9 am\u00e9ricain. Donald Trump n&rsquo;est pas tr\u00e8s clair l\u00e0-dessus, il dit que ce qui est s\u00fbr, c&rsquo;est qu&rsquo;il ne veut pas envoyer de troupes au sol, \u00e7a c&rsquo;est certain. Apr\u00e8s, il est peut-\u00eatre pr\u00eat \u00e0 aider, par exemple, avec une surveillance a\u00e9rienne, avec des renseignements, etc.<\/p>\n<p><strong>Ce serait du renseignement, du soutien logistique ?<\/strong><\/p>\n<p><strong>Fran\u00e7ois Beaudonnet : <\/strong>Oui, \u00e7a pourrait \u00eatre \u00e7a. Alors, est-ce que \u00e7a va suffire aux Europ\u00e9ens ? Parce que l&rsquo;id\u00e9e du filet de s\u00e9curit\u00e9, c&rsquo;est que si jamais les forces europ\u00e9ennes qui seraient pr\u00e9sentes sur le sol ukrainien ne suffisaient pas \u00e0 faire face, par exemple, \u00e0 une nouvelle invasion russe, alors \u00e0 ce moment-l\u00e0, \u00e7a veut dire que les Am\u00e9ricains, avec ce filet de s\u00e9curit\u00e9, interviendraient. Donc, est-ce qu&rsquo;un filet de s\u00e9curit\u00e9, c&rsquo;est juste du renseignement et un appui ? Est-ce que c&rsquo;est suffisant ? On ne sait pas. Donc, effectivement, il va y avoir deux parties dans cette journ\u00e9e. D&rsquo;abord, cette r\u00e9union ce matin \u00e0 l&rsquo;\u00c9lys\u00e9e qui portera davantage sur les garanties de s\u00e9curit\u00e9 en elles-m\u00eames. Et puis, cet apr\u00e8s-midi, cette discussion avec Donald Trump o\u00f9, l\u00e0, il sera plut\u00f4t question de savoir si Donald Trump va ou non mettre de nouvelles sanctions \u00e0 l&rsquo;encontre de la Russie.<\/p>\n<p><strong>Le probl\u00e8me, c&rsquo;est qu&rsquo;il faut d&rsquo;abord se mettre d&rsquo;accord entre Europ\u00e9ens, entre alli\u00e9s, ces fameuses coalitions de volontaires. On a certains pays comme la France, le Royaume-Uni, qui n&rsquo;excluent pas d&rsquo;envoyer des troupes une fois qu&rsquo;il y aura cessez-le-feu. D&rsquo;autres pays comme l&rsquo;Allemagne n&rsquo;en ont pas envie.<\/strong><\/p>\n<p><strong>Nicolas Barotte : <\/strong>On voit bien quel est l&rsquo;\u00e9tat des arm\u00e9es en Europe. C&rsquo;est qu&rsquo;en r\u00e9alit\u00e9, hormis la France et le Royaume-Uni, la plupart n&rsquo;ont pas d&rsquo;arm\u00e9es pr\u00eates \u00e0 \u00eatre d\u00e9ploy\u00e9es. Les Allemands, en l&rsquo;occurrence, ont beaucoup de contraintes constitutionnelles. C&rsquo;est tr\u00e8s compliqu\u00e9 pour le chancelier Merz de dire : \u00ab\u00a0J&rsquo;envoie des troupes.\u00a0\u00bb<\/p>\n<p><strong>C&rsquo;est juste parce qu&rsquo;ils n&rsquo;ont pas les troupes ni les moyens ou parce qu&rsquo;ils ne veulent pas politiquement intervenir militairement sur le terrain ukrainien ?<\/strong><\/p>\n<p><strong>Nicolas Barotte : <\/strong>Il y a une conscience au niveau du gouvernement f\u00e9d\u00e9ral qu&rsquo;il y a une n\u00e9cessit\u00e9. Ils sont tr\u00e8s lucides, mais ils ne peuvent pas envoyer leurs troupes dans des zones de combat. Leur coalition n&rsquo;en veut pas, parce que le SPD, notamment, est extr\u00eamement r\u00e9ticent. Et surtout, ils n&rsquo;ont pas forc\u00e9ment les mat\u00e9riels qui seraient n\u00e9cessaires pour un tel d\u00e9ploiement. Il y a un tel retard, en fait, dans les arm\u00e9es europ\u00e9ennes en termes de capacit\u00e9.<\/p>\n<p><strong>Fran\u00e7ois Beaudonnet : <\/strong>Pour r\u00e9pondre \u00e0 votre question, pour les Allemands en particulier, ils veulent investir \u00e9norm\u00e9ment dans leur arm\u00e9e, mais pour l&rsquo;instant, ils ont une arm\u00e9e qui est quand m\u00eame assez inop\u00e9rante, il faut bien le dire. Et puis, historiquement et culturellement, on sait que les Allemands n&rsquo;ont pas envie, et l&rsquo;opinion allemande n&rsquo;a pas envie d&rsquo;envoyer leurs troupes quelque part sur le continent europ\u00e9en.<\/p>\n<p><strong>C&rsquo;est d\u00e9j\u00e0 un vrai tournant que l&rsquo;Allemagne commence \u00e0 se r\u00e9armer ?<\/strong><\/p>\n<p><strong>Fran\u00e7ois Beaudonnet : <\/strong>C&rsquo;est une r\u00e9volution pour eux. Mais de l\u00e0 \u00e0 envoyer des troupes dans les semaines ou les mois qui viennent en Ukraine, je crois que \u00e7a va trop loin pour l&rsquo;opinion allemande. Et apr\u00e8s, vous avez effectivement diff\u00e9rents types de pays. Il y a ceux qui n&rsquo;ont pas les moyens. On estime qu&rsquo;il faudrait 100 000 hommes. Ceux qui peuvent envoyer le plus de monde, ce sont les Britanniques et nous, les Fran\u00e7ais. C&rsquo;est 1 000 km de front. Il faut 100 000 hommes. On pourrait en mettre aux alentours d&rsquo;une vingtaine de milliers. Il y a un probl\u00e8me capacitaire et un probl\u00e8me de volont\u00e9, parce qu&rsquo;il y a la peur de cette escalade. Et la r\u00e9action du Kremlin est quand m\u00eame tr\u00e8s mena\u00e7ante, puisqu&rsquo;ils disent que ce sont des garanties de menaces sur le continent europ\u00e9en.<\/p>\n","protected":false},"excerpt":{"rendered":"Nicolas Barotte, journaliste sp\u00e9cialiste des questions de d\u00e9fense au Figaro, est l&rsquo;invit\u00e9 du \u00ab\u00a010 minutes info\u00a0\u00bb de franceinfo&hellip;\n","protected":false},"author":2,"featured_media":365352,"comment_status":"","ping_status":"","sticky":false,"template":"","format":"standard","meta":{"footnotes":""},"categories":[1588],"tags":[11,1777,674,12,473,1853,1851,1850,1852],"class_list":{"0":"post-365351","1":"post","2":"type-post","3":"status-publish","4":"format-standard","5":"has-post-thumbnail","7":"category-royaume-uni","8":"tag-actualites","9":"tag-eu","10":"tag-europe","11":"tag-news","12":"tag-royaume-uni","13":"tag-royaume-uni-de-grande-bretagne-et-dirlande-du-nord","14":"tag-uk","15":"tag-united-kingdom","16":"tag-united-kingdom-of-great-britain-and-northern-ireland"},"share_on_mastodon":{"url":"https:\/\/pubeurope.com\/@fr\/115145327574886575","error":""},"_links":{"self":[{"href":"https:\/\/www.europesays.com\/fr\/wp-json\/wp\/v2\/posts\/365351","targetHints":{"allow":["GET"]}}],"collection":[{"href":"https:\/\/www.europesays.com\/fr\/wp-json\/wp\/v2\/posts"}],"about":[{"href":"https:\/\/www.europesays.com\/fr\/wp-json\/wp\/v2\/types\/post"}],"author":[{"embeddable":true,"href":"https:\/\/www.europesays.com\/fr\/wp-json\/wp\/v2\/users\/2"}],"replies":[{"embeddable":true,"href":"https:\/\/www.europesays.com\/fr\/wp-json\/wp\/v2\/comments?post=365351"}],"version-history":[{"count":0,"href":"https:\/\/www.europesays.com\/fr\/wp-json\/wp\/v2\/posts\/365351\/revisions"}],"wp:featuredmedia":[{"embeddable":true,"href":"https:\/\/www.europesays.com\/fr\/wp-json\/wp\/v2\/media\/365352"}],"wp:attachment":[{"href":"https:\/\/www.europesays.com\/fr\/wp-json\/wp\/v2\/media?parent=365351"}],"wp:term":[{"taxonomy":"category","embeddable":true,"href":"https:\/\/www.europesays.com\/fr\/wp-json\/wp\/v2\/categories?post=365351"},{"taxonomy":"post_tag","embeddable":true,"href":"https:\/\/www.europesays.com\/fr\/wp-json\/wp\/v2\/tags?post=365351"}],"curies":[{"name":"wp","href":"https:\/\/api.w.org\/{rel}","templated":true}]}}