{"id":365353,"date":"2025-09-04T09:30:09","date_gmt":"2025-09-04T09:30:09","guid":{"rendered":"https:\/\/www.europesays.com\/fr\/365353\/"},"modified":"2025-09-04T09:30:09","modified_gmt":"2025-09-04T09:30:09","slug":"un-cadavre-decouvert-pres-des-voies-le-trafic-ferroviaire-interrompu-plusieurs-heures","status":"publish","type":"post","link":"https:\/\/www.europesays.com\/fr\/365353\/","title":{"rendered":"un cadavre d\u00e9couvert pr\u00e8s des voies, le trafic ferroviaire interrompu plusieurs heures"},"content":{"rendered":"<p>            Par<br \/>\n        <strong><br \/>\n            <a href=\"https:\/\/actu.fr\/auteur\/ivan-capecchi\" title=\"Consulter tous les articles de Ivan CAPECCHI\" rel=\"nofollow noopener\" target=\"_blank\">Ivan CAPECCHI<\/a><br \/>\n        <\/strong><\/p>\n<p>        Publi\u00e9 le<\/p>\n<p>            4 sept. 2025 \u00e0 11h24        <\/p>\n<p>Mercredi 3 septembre 2025 au matin, un <strong>cadavre<\/strong> a \u00e9t\u00e9 d\u00e9couvert \u00e0 proximit\u00e9 imm\u00e9diate des <strong>voies ferr\u00e9es<\/strong>, \u00e0 <strong>Appenweier<\/strong> (<a href=\"https:\/\/actu.fr\/tag\/allemagne\" rel=\"nofollow noopener\" target=\"_blank\">Allemagne<\/a>), non loin de la fronti\u00e8re avec le <strong>Bas-Rhin<\/strong>.<\/p>\n<p>Le trafic ferroviaire interrompu plusieurs heures<\/p>\n<p class=\" wall-content\">L\u2019alerte a \u00e9t\u00e9 donn\u00e9e peu avant 9h30. La police allemande a imm\u00e9diatement<strong> interrompu le trafic sur la ligne Appenweier\u2013Kehl<\/strong>, reliant directement Strasbourg \u00e0 l\u2019Allemagne.<\/p>\n<p class=\" wall-content\">Des techniciens de la<strong> police scientifique<\/strong> et des <strong>m\u00e9decins l\u00e9gistes<\/strong> ont \u00e9t\u00e9 <strong>d\u00e9p\u00each\u00e9s sur place<\/strong> afin de proc\u00e9der aux premi\u00e8res constatations.<\/p>\n<p class=\" wall-content\">Le trafic ferroviaire a finalement pu <strong>reprendre vers 12h30<\/strong>, a indiqu\u00e9 la <strong>police d\u2019Offenburg<\/strong> dans un communiqu\u00e9.<\/p>\n<p>L\u2019enqu\u00eate se poursuit \u00ab\u00a0dans toutes les directions\u00a0\u00bb, indique la police<\/p>\n<p class=\" wall-content\">La victime est un <strong>homme<\/strong>, dont l\u2019identit\u00e9 n\u2019a pas encore \u00e9t\u00e9 communiqu\u00e9e. Une <strong>autopsie<\/strong> doit \u00eatre r\u00e9alis\u00e9e dans les prochains jours pour <strong>d\u00e9terminer les causes exactes du d\u00e9c\u00e8s<\/strong>.<\/p>\n<p class=\" wall-content\">Pour l\u2019heure, l\u2019enqu\u00eate se poursuit \u00ab <strong>dans toutes les directions<\/strong> \u00bb, pr\u00e9cisent les autorit\u00e9s, qui n\u2019excluent aucune hypoth\u00e8se.<\/p>\n<p class=\" wall-content\">Personnalisez votre actualit\u00e9 en ajoutant vos villes et m\u00e9dias en favori avec <a href=\"https:\/\/moncompte.actu.fr\" title=\"D\u00e9couvez Mon Actu\" rel=\"nofollow noopener\" data-trk=\"{&quot;cta&quot;:{&quot;action&quot;:&quot;https:\\\/\\\/moncompte.actu.fr&quot;,&quot;category&quot;:&quot;mon compte&quot;,&quot;from&quot;:&quot;article footer&quot;,&quot;name&quot;:&quot;Mon actu&quot;,&quot;type&quot;:&quot;cta&quot;}}\" target=\"_blank\">Mon Actu<\/a>.<\/p>\n","protected":false},"excerpt":{"rendered":"Par Ivan CAPECCHI Publi\u00e9 le 4 sept. 2025 \u00e0 11h24 Mercredi 3 septembre 2025 au matin, un cadavre&hellip;\n","protected":false},"author":2,"featured_media":365354,"comment_status":"","ping_status":"","sticky":false,"template":"","format":"standard","meta":{"footnotes":""},"categories":[1587],"tags":[11,672,1804,1805,1803,1777,674,118,1801,12,1802],"class_list":{"0":"post-365353","1":"post","2":"type-post","3":"status-publish","4":"format-standard","5":"has-post-thumbnail","7":"category-allemagne","8":"tag-actualites","9":"tag-allemagne","10":"tag-bundesrepublik-deutschland","11":"tag-de","12":"tag-deutschland","13":"tag-eu","14":"tag-europe","15":"tag-faits-divers","16":"tag-germany","17":"tag-news","18":"tag-republique-federale-dallemagne"},"share_on_mastodon":{"url":"https:\/\/pubeurope.com\/@fr\/115145331685737773","error":""},"_links":{"self":[{"href":"https:\/\/www.europesays.com\/fr\/wp-json\/wp\/v2\/posts\/365353","targetHints":{"allow":["GET"]}}],"collection":[{"href":"https:\/\/www.europesays.com\/fr\/wp-json\/wp\/v2\/posts"}],"about":[{"href":"https:\/\/www.europesays.com\/fr\/wp-json\/wp\/v2\/types\/post"}],"author":[{"embeddable":true,"href":"https:\/\/www.europesays.com\/fr\/wp-json\/wp\/v2\/users\/2"}],"replies":[{"embeddable":true,"href":"https:\/\/www.europesays.com\/fr\/wp-json\/wp\/v2\/comments?post=365353"}],"version-history":[{"count":0,"href":"https:\/\/www.europesays.com\/fr\/wp-json\/wp\/v2\/posts\/365353\/revisions"}],"wp:featuredmedia":[{"embeddable":true,"href":"https:\/\/www.europesays.com\/fr\/wp-json\/wp\/v2\/media\/365354"}],"wp:attachment":[{"href":"https:\/\/www.europesays.com\/fr\/wp-json\/wp\/v2\/media?parent=365353"}],"wp:term":[{"taxonomy":"category","embeddable":true,"href":"https:\/\/www.europesays.com\/fr\/wp-json\/wp\/v2\/categories?post=365353"},{"taxonomy":"post_tag","embeddable":true,"href":"https:\/\/www.europesays.com\/fr\/wp-json\/wp\/v2\/tags?post=365353"}],"curies":[{"name":"wp","href":"https:\/\/api.w.org\/{rel}","templated":true}]}}