{"id":365361,"date":"2025-09-04T09:34:10","date_gmt":"2025-09-04T09:34:10","guid":{"rendered":"https:\/\/www.europesays.com\/fr\/365361\/"},"modified":"2025-09-04T09:34:10","modified_gmt":"2025-09-04T09:34:10","slug":"vous-semblez-avoir-besoin-dune-pause-mentale-echange-tendu-entre-swiatek-et-un-journaliste","status":"publish","type":"post","link":"https:\/\/www.europesays.com\/fr\/365361\/","title":{"rendered":"\u00ab Vous semblez avoir besoin d\u2019une pause mentale\u202f\u00bb, \u00e9change tendu entre Swiatek et un journaliste"},"content":{"rendered":"<p>Apr\u00e8s sa d\u00e9faite contre Amanda Anisimova (6\u22123, 6\u20134), en quarts de finale de l\u2019US Open, Iga Swiatek a eu un \u00e9change tendu avec un journaliste en conf\u00e9rence de presse.<\/p>\n<p class=\"fig-paragraph\">Un \u00e9change lunaire s\u2019est d\u00e9roul\u00e9 en conf\u00e9rence de presse entre Iga Swiatek et un journaliste. Tout juste apr\u00e8s sa d\u00e9faite en quarts de finale de l\u2019US Open face \u00e0 Amanda Anisimova (6\u22123, 6\u20134), la Polonaise n\u2019a pas aim\u00e9 une question d\u2019un des reporters du tournoi du Grand Chelem qui lui demandait si elle avait \u00abbesoin d\u2019une pause mentale\u00bb apr\u00e8s un \u00e9t\u00e9 charg\u00e9 o\u00f9 elle a encha\u00een\u00e9 les tournois.<\/p>\n<p>Swiatek retourne la question au journaliste<\/p>\n<p class=\"fig-paragraph\">Un temps surprise, Iga Swiatek a ensuite retourn\u00e9 la question \u00e0 ce m\u00eame journaliste\u00a0: \u00abParlez-en aux personnes responsables du calendrier. Vous semblez avoir besoin d\u2019une pause mentale\u00bb, a-t-elle r\u00e9pondu, forc\u00e9ment frustr\u00e9e apr\u00e8s cette \u00e9limination. Ce \u00e0 quoi l\u2019int\u00e9ress\u00e9 a r\u00e9torqu\u00e9\u00a0: \u00abOui c\u2019est vrai, mais je dois aller jusqu\u2019\u00e0 la fin du tournoi\u00bb, provoquant quelques rires de la part de ses confr\u00e8res pr\u00e9sents en salle de presse.<\/p>\n<p class=\"fig-body-link\">\n            \u00c0 lire aussi<br \/>\n        <a class=\"fig-body-link__link\" href=\"http:\/\/www.lefigaro.fr\/sports\/tennis\/us-open\/us-open-osaka-retrouve-le-dernier-carre-apres-sa-victoire-contre-muchova-20250904\" target=\"_blank\" data-fig-type=\"NewsFlash\" rel=\"sponsored noopener nofollow\" data-gtm-custom-categorie=\"navigation\" data-gtm-custom-action=\"crossclick\" data-gtm-custom-label=\"Contextuel\" data-gtm-event=\"customEventSPE\" data-fig-domain=\"LEFIGARO\">US Open\u00a0: Osaka retrouve le dernier carr\u00e9 apr\u00e8s sa victoire contre Muchova<br \/>\n    <\/a>\n<\/p>\n<p>                                    <a class=\"fig-a11y-skip a11y-hidden\" href=\"#fig-a11y-skip-main-inarticle\"><br \/>\n        Passer la publicit\u00e9<br \/>\n    <\/a><\/p>\n<p class=\"fig-paragraph\">Sur le plan sportif, la num\u00e9ro 2 mondiale repart de New York avec quelques regrets au regard de sa prestation contre Amanda Anisimova (num\u00e9ro 9). Il y a quelques mois, la Polonaise avait justement<a href=\"http:\/\/www.lefigaro.fr\/flash-sport\/us-open-humiliee-a-wimbledon-anisimova-prend-sa-revanche-sur-swiatek-la-numero-2-mondiale-20250904\" target=\"_blank\" data-fig-type=\"NewsFlash\" rel=\"noopener nofollow\" data-gtm-custom-categorie=\"navigation\" data-gtm-custom-action=\"crossclick\" data-gtm-custom-label=\"Contextuel\" data-gtm-event=\"customEventSPE\" data-fig-domain=\"LEFIGARO\">\u00a0humili\u00e9 cette m\u00eame adversaire en deux sets blancs (6-0, 6-0) en finale de Wimbledon.<\/a><\/p>\n","protected":false},"excerpt":{"rendered":"Apr\u00e8s sa d\u00e9faite contre Amanda Anisimova (6\u22123, 6\u20134), en quarts de finale de l\u2019US Open, Iga Swiatek a&hellip;\n","protected":false},"author":2,"featured_media":365362,"comment_status":"","ping_status":"","sticky":false,"template":"","format":"standard","meta":{"footnotes":""},"categories":[2],"tags":[11,1011,27,2200,12,25],"class_list":{"0":"post-365361","1":"post","2":"type-post","3":"status-publish","4":"format-standard","5":"has-post-thumbnail","7":"category-actualites","8":"tag-actualites","9":"tag-fr","10":"tag-france","11":"tag-iga-swiatek","12":"tag-news","13":"tag-republique-francaise"},"share_on_mastodon":{"url":"https:\/\/pubeurope.com\/@fr\/115145347212185157","error":""},"_links":{"self":[{"href":"https:\/\/www.europesays.com\/fr\/wp-json\/wp\/v2\/posts\/365361","targetHints":{"allow":["GET"]}}],"collection":[{"href":"https:\/\/www.europesays.com\/fr\/wp-json\/wp\/v2\/posts"}],"about":[{"href":"https:\/\/www.europesays.com\/fr\/wp-json\/wp\/v2\/types\/post"}],"author":[{"embeddable":true,"href":"https:\/\/www.europesays.com\/fr\/wp-json\/wp\/v2\/users\/2"}],"replies":[{"embeddable":true,"href":"https:\/\/www.europesays.com\/fr\/wp-json\/wp\/v2\/comments?post=365361"}],"version-history":[{"count":0,"href":"https:\/\/www.europesays.com\/fr\/wp-json\/wp\/v2\/posts\/365361\/revisions"}],"wp:featuredmedia":[{"embeddable":true,"href":"https:\/\/www.europesays.com\/fr\/wp-json\/wp\/v2\/media\/365362"}],"wp:attachment":[{"href":"https:\/\/www.europesays.com\/fr\/wp-json\/wp\/v2\/media?parent=365361"}],"wp:term":[{"taxonomy":"category","embeddable":true,"href":"https:\/\/www.europesays.com\/fr\/wp-json\/wp\/v2\/categories?post=365361"},{"taxonomy":"post_tag","embeddable":true,"href":"https:\/\/www.europesays.com\/fr\/wp-json\/wp\/v2\/tags?post=365361"}],"curies":[{"name":"wp","href":"https:\/\/api.w.org\/{rel}","templated":true}]}}