{"id":365365,"date":"2025-09-04T09:38:11","date_gmt":"2025-09-04T09:38:11","guid":{"rendered":"https:\/\/www.europesays.com\/fr\/365365\/"},"modified":"2025-09-04T09:38:11","modified_gmt":"2025-09-04T09:38:11","slug":"officiel-tomas-lavanini-a-trouve-un-nouveau-club","status":"publish","type":"post","link":"https:\/\/www.europesays.com\/fr\/365365\/","title":{"rendered":"OFFICIEL : Tomas Lavanini a trouv\u00e9 un nouveau club !"},"content":{"rendered":"<p>Cet \u00e9t\u00e9, le LOU Rugby a pris la d\u00e9cision de se s\u00e9parer de son deuxi\u00e8me ligne Tomas Lavanini.<\/p>\n<p>Arriv\u00e9 \u00e0 Lyon l\u2019\u00e9t\u00e9 dernier en provenance de Clermont, Tomas Lavanini n\u2019a jou\u00e9 que 11 matches avec le LOU, la saison derni\u00e8re.<\/p>\n<p>Apr\u00e8s r\u00e9flexion, les deux parties ont d\u00e9cid\u00e9 de mettre un terme \u00e0 leur collaboration.<\/p>\n<p>Le deuxi\u00e8me ligne international Argentin s\u2019est donc retrouv\u00e9 sur le march\u00e9 des transferts assez tardivement.<\/p>\n<p>Ce jeudi, nous apprenons que le joueur des Pumas a trouv\u00e9 un nouveau club.<\/p>\n<p>En effet, ce-dernier s\u2019est engag\u00e9 en faveur de la franchise N\u00e9o-Z\u00e9landaise des Highlanders, en Super Rugby.<\/p>\n<p>Il a sign\u00e9 un contrat d\u2019un an, soit jusqu\u2019au mois de juin 2026.<\/p>\n","protected":false},"excerpt":{"rendered":"Cet \u00e9t\u00e9, le LOU Rugby a pris la d\u00e9cision de se s\u00e9parer de son deuxi\u00e8me ligne Tomas Lavanini.&hellip;\n","protected":false},"author":2,"featured_media":365366,"comment_status":"","ping_status":"","sticky":false,"template":"","format":"standard","meta":{"footnotes":""},"categories":[1416],"tags":[1011,27,479,1468,60],"class_list":{"0":"post-365365","1":"post","2":"type-post","3":"status-publish","4":"format-standard","5":"has-post-thumbnail","7":"category-rugby","8":"tag-fr","9":"tag-france","10":"tag-rugby","11":"tag-rugby-football","12":"tag-sports"},"share_on_mastodon":{"url":"https:\/\/pubeurope.com\/@fr\/115145362852646974","error":""},"_links":{"self":[{"href":"https:\/\/www.europesays.com\/fr\/wp-json\/wp\/v2\/posts\/365365","targetHints":{"allow":["GET"]}}],"collection":[{"href":"https:\/\/www.europesays.com\/fr\/wp-json\/wp\/v2\/posts"}],"about":[{"href":"https:\/\/www.europesays.com\/fr\/wp-json\/wp\/v2\/types\/post"}],"author":[{"embeddable":true,"href":"https:\/\/www.europesays.com\/fr\/wp-json\/wp\/v2\/users\/2"}],"replies":[{"embeddable":true,"href":"https:\/\/www.europesays.com\/fr\/wp-json\/wp\/v2\/comments?post=365365"}],"version-history":[{"count":0,"href":"https:\/\/www.europesays.com\/fr\/wp-json\/wp\/v2\/posts\/365365\/revisions"}],"wp:featuredmedia":[{"embeddable":true,"href":"https:\/\/www.europesays.com\/fr\/wp-json\/wp\/v2\/media\/365366"}],"wp:attachment":[{"href":"https:\/\/www.europesays.com\/fr\/wp-json\/wp\/v2\/media?parent=365365"}],"wp:term":[{"taxonomy":"category","embeddable":true,"href":"https:\/\/www.europesays.com\/fr\/wp-json\/wp\/v2\/categories?post=365365"},{"taxonomy":"post_tag","embeddable":true,"href":"https:\/\/www.europesays.com\/fr\/wp-json\/wp\/v2\/tags?post=365365"}],"curies":[{"name":"wp","href":"https:\/\/api.w.org\/{rel}","templated":true}]}}