{"id":365371,"date":"2025-09-04T09:42:11","date_gmt":"2025-09-04T09:42:11","guid":{"rendered":"https:\/\/www.europesays.com\/fr\/365371\/"},"modified":"2025-09-04T09:42:11","modified_gmt":"2025-09-04T09:42:11","slug":"isack-hadjar-devrait-connaitre-sa-prochaine-ecurie-courant-octobre","status":"publish","type":"post","link":"https:\/\/www.europesays.com\/fr\/365371\/","title":{"rendered":"Isack Hadjar devrait conna\u00eetre sa prochaine \u00e9curie courant octobre"},"content":{"rendered":"<p><strong>Auteur de son premier podium en carri\u00e8re en Formule 1, Isack Hadjar pourrait bien ne pas faire de vieux os chez Racing Bulls. Son avenir sera scell\u00e9 durant les prochaines courses. <\/strong><\/p>\n<p>Jusqu&rsquo;o\u00f9 ira-t-il ? \u00c0 seulement 20 ans, Isack Hadjar n&rsquo;en finit plus d&rsquo;impressionner. Alors qu&rsquo;il dispute sa toute premi\u00e8re saison en <a href=\"https:\/\/wesportfr.com\/auto-moto\/formule1\/\" rel=\"nofollow noopener\" target=\"_blank\">Formule 1<\/a>, le pilote fran\u00e7ais a fait parler de lui en terminant plusieurs courses dans les points. Mieux, le week-end dernier, le Grand Prix des Pays-Bas lui a offert son premier podium. Une juste r\u00e9compense pour celui qui s&rsquo;\u00e9tait \u00e9lanc\u00e9 en deuxi\u00e8me ligne.<\/p>\n<p>Mais de telles performances ne passent pas inaper\u00e7ues. Et Racing Bulls le sait, retenir un tel ph\u00e9nom\u00e8ne ne sera pas chose ais\u00e9e. Isack Hadjar est d\u00e9j\u00e0 dans le viseur de plusieurs \u00e9curies de renom. On pense, en premier lieu, \u00e0 Red Bull, qui apr\u00e8s avoir s\u00e9curis\u00e9 l&rsquo;avenir de Max Verstappen, lui cherche un co\u00e9quipier digne de ce nom. <a href=\"https:\/\/wesportfr.com\/f1-apres-son-premier-podium-en-carriere-isack-hadjar-peut-il-voir-encore-plus-grand\/\" rel=\"nofollow noopener\" target=\"_blank\">Le pilote tricolore fait partie des grands favoris<\/a>, et devrait vite \u00eatre fix\u00e9 sur son sort. <\/p>\n<p><strong>\u00c0 lire aussi \u2013<\/strong> <a href=\"https:\/\/wesportfr.com\/f1-les-10-plus-jeunes-pilotes-francais-de-lhistoire-sur-un-podium\/\" rel=\"nofollow noopener\" target=\"_blank\">F1 : les 10 plus jeunes pilotes fran\u00e7ais de l\u2019histoire sur un podium<\/a><\/p>\n<blockquote class=\"twitter-tweet\" data-width=\"550\" data-dnt=\"true\">\n<p lang=\"en\" dir=\"ltr\">Yuki Tsunoda is bullish about Red Bull being his &quot;main goal&quot; as Helmut Marko delays driver decision until October.<a href=\"https:\/\/twitter.com\/hashtag\/F1?src=hash&amp;ref_src=twsrc%5Etfw\" rel=\"nofollow noopener\" target=\"_blank\">#F1<\/a><a href=\"https:\/\/t.co\/AGp8qsCJP5\" rel=\"nofollow\">https:\/\/t.co\/AGp8qsCJP5<\/a><\/p>\n<p>&mdash; PlanetF1 (@Planet_F1) <a href=\"https:\/\/twitter.com\/Planet_F1\/status\/1963512927480057875?ref_src=twsrc%5Etfw\" rel=\"nofollow noopener\" target=\"_blank\">September 4, 2025<\/a><\/p><\/blockquote>\n<p><script async src=\"https:\/\/platform.twitter.com\/widgets.js\" charset=\"utf-8\"><\/script>\n<\/p>\n<p>Red Bull patiente, Isack Hadjar pas vraiment press\u00e9<\/p>\n<p>La question est sur toutes les l\u00e8vres : qui accompagnera le quadruple champion du monde en titre Max Verstappen au volant d&rsquo;une Red Bull lors de la saison 2026 de Formule 1 ? Interrog\u00e9 par Sky Allemagne, Helmut Marko, qui avait d&rsquo;abord \u00e9voqu\u00e9 la pause estivale comme deadline, est revenu sur ses positions : \u201cVers septembre ou octobre, nous voulons avoir quelques courses suppl\u00e9mentaires \u00e0 observer, puis nous prendrons les d\u00e9cisions.\u201c<\/p>\n<p>Autrement dit, s&rsquo;il veut briguer un si\u00e8ge chez Red Bull, Isack Hadjar devra confirmer, d\u00e8s ce week-end, lors du Grand Prix d&rsquo;Italie. Son avenir ne semble, en tout cas, pas vraiment contrarier le Fran\u00e7ais : \u201cJe ne sais pas moi-m\u00eame, donc je ne peux pas vous aider. Le chemin vers la F1 \u00e9tait, lui aussi, plus qu&rsquo;incertain. J&rsquo;ai l&rsquo;habitude de ne pas vraiment savoir ce que je vais faire ensuite.\u201d Affaire \u00e0 suivre. <\/p>\n<p>                    <script async src=\"https:\/\/platform.twitter.com\/widgets.js\" charset=\"utf-8\"><\/script><\/p>\n","protected":false},"excerpt":{"rendered":"Auteur de son premier podium en carri\u00e8re en Formule 1, Isack Hadjar pourrait bien ne pas faire de&hellip;\n","protected":false},"author":2,"featured_media":365372,"comment_status":"","ping_status":"","sticky":false,"template":"","format":"standard","meta":{"footnotes":""},"categories":[1412],"tags":[1451,1452,1453,1454,1455,1011,27,60],"class_list":{"0":"post-365371","1":"post","2":"type-post","3":"status-publish","4":"format-standard","5":"has-post-thumbnail","7":"category-f1","8":"tag-f1","9":"tag-formula-1","10":"tag-formula1","11":"tag-formule-1","12":"tag-formule1","13":"tag-fr","14":"tag-france","15":"tag-sports"},"share_on_mastodon":{"url":"https:\/\/pubeurope.com\/@fr\/115145378613372120","error":""},"_links":{"self":[{"href":"https:\/\/www.europesays.com\/fr\/wp-json\/wp\/v2\/posts\/365371","targetHints":{"allow":["GET"]}}],"collection":[{"href":"https:\/\/www.europesays.com\/fr\/wp-json\/wp\/v2\/posts"}],"about":[{"href":"https:\/\/www.europesays.com\/fr\/wp-json\/wp\/v2\/types\/post"}],"author":[{"embeddable":true,"href":"https:\/\/www.europesays.com\/fr\/wp-json\/wp\/v2\/users\/2"}],"replies":[{"embeddable":true,"href":"https:\/\/www.europesays.com\/fr\/wp-json\/wp\/v2\/comments?post=365371"}],"version-history":[{"count":0,"href":"https:\/\/www.europesays.com\/fr\/wp-json\/wp\/v2\/posts\/365371\/revisions"}],"wp:featuredmedia":[{"embeddable":true,"href":"https:\/\/www.europesays.com\/fr\/wp-json\/wp\/v2\/media\/365372"}],"wp:attachment":[{"href":"https:\/\/www.europesays.com\/fr\/wp-json\/wp\/v2\/media?parent=365371"}],"wp:term":[{"taxonomy":"category","embeddable":true,"href":"https:\/\/www.europesays.com\/fr\/wp-json\/wp\/v2\/categories?post=365371"},{"taxonomy":"post_tag","embeddable":true,"href":"https:\/\/www.europesays.com\/fr\/wp-json\/wp\/v2\/tags?post=365371"}],"curies":[{"name":"wp","href":"https:\/\/api.w.org\/{rel}","templated":true}]}}