{"id":365373,"date":"2025-09-04T09:43:09","date_gmt":"2025-09-04T09:43:09","guid":{"rendered":"https:\/\/www.europesays.com\/fr\/365373\/"},"modified":"2025-09-04T09:43:09","modified_gmt":"2025-09-04T09:43:09","slug":"les-coureurs-agaces-une-12e-etape-sous-tension-le-classement","status":"publish","type":"post","link":"https:\/\/www.europesays.com\/fr\/365373\/","title":{"rendered":"les coureurs agac\u00e9s, une 12e \u00e9tape sous tension, le classement"},"content":{"rendered":"<p><a name=\"post1756977322\"\/>11:15 &#8211; Pidcock d\u00e9\u00e7u<\/p>\n<p>Alors qu&rsquo;il \u00e9tait peut \u00eatre en route pour une victoire, l&rsquo;arr\u00eat de l&rsquo;\u00e9tape a frustr\u00e9 le Britannique. \u00ab\u00a0Tant que la s\u00e9curit\u00e9 est prioritaire, on peut continuer \u00e0 courir, c\u2019est ce pour quoi nous sommes l\u00e0. Je n\u2019ai pas eu peur en levant la banderole pour passer, \u00e0 ce moment-l\u00e0 on \u00e9tait en course. Sur le papier, j\u2019avais une belle chance de gagner, je ne dis pas que j\u2019aurais gagn\u00e9, mais c\u2019est une d\u00e9ception et il ne faut pas gaspiller d\u2019\u00e9nergie l\u00e0-dessus, la route est encore longue. Mettre les coureurs en danger n\u2019aidera pas la cause des manifestants, chacun a le droit de protester, mais ce n\u2019est pas la bonne mani\u00e8re. On m\u2019a dit qu\u2019aujourd\u2019hui \u00e9tait la plus grosse journ\u00e9e de protestations, donc je pense que \u00e7a devrait aller mieux pour la suite\u00a0\u00bb<\/p>\n<p><a name=\"post1756975504\"\/>10:45 &#8211; Le profil de la 12e \u00e9tape<\/p>\n<p>Le Tour d&rsquo;Espagne est dans la tourmente ces derniers jours et heures. Apr\u00e8s l&rsquo;arr\u00eat de l&rsquo;\u00e9tape hier \u00e0 3 kilom\u00e8tres de l&rsquo;arriv\u00e9e en raison des manifestations pour la Palestine, la 12e \u00e9tape entre\u00a0Laredo et Los Corrales de Buelna s&rsquo;annonce tendue. Le profil pourrait offrir une nouvelle bataille entre les favoris avec deux belles ascensions de l&rsquo;Alisas et la Collada de Brenes avant une descente rapide vers l&rsquo;arriv\u00e9e.<\/p>\n","protected":false},"excerpt":{"rendered":"11:15 &#8211; Pidcock d\u00e9\u00e7u Alors qu&rsquo;il \u00e9tait peut \u00eatre en route pour une victoire, l&rsquo;arr\u00eat de l&rsquo;\u00e9tape a&hellip;\n","protected":false},"author":2,"featured_media":365374,"comment_status":"","ping_status":"","sticky":false,"template":"","format":"standard","meta":{"footnotes":""},"categories":[1411],"tags":[1154,207,1011,27,60],"class_list":{"0":"post-365373","1":"post","2":"type-post","3":"status-publish","4":"format-standard","5":"has-post-thumbnail","7":"category-cyclisme","8":"tag-cycling","9":"tag-cyclisme","10":"tag-fr","11":"tag-france","12":"tag-sports"},"share_on_mastodon":{"url":"https:\/\/pubeurope.com\/@fr\/115145382648151912","error":""},"_links":{"self":[{"href":"https:\/\/www.europesays.com\/fr\/wp-json\/wp\/v2\/posts\/365373","targetHints":{"allow":["GET"]}}],"collection":[{"href":"https:\/\/www.europesays.com\/fr\/wp-json\/wp\/v2\/posts"}],"about":[{"href":"https:\/\/www.europesays.com\/fr\/wp-json\/wp\/v2\/types\/post"}],"author":[{"embeddable":true,"href":"https:\/\/www.europesays.com\/fr\/wp-json\/wp\/v2\/users\/2"}],"replies":[{"embeddable":true,"href":"https:\/\/www.europesays.com\/fr\/wp-json\/wp\/v2\/comments?post=365373"}],"version-history":[{"count":0,"href":"https:\/\/www.europesays.com\/fr\/wp-json\/wp\/v2\/posts\/365373\/revisions"}],"wp:featuredmedia":[{"embeddable":true,"href":"https:\/\/www.europesays.com\/fr\/wp-json\/wp\/v2\/media\/365374"}],"wp:attachment":[{"href":"https:\/\/www.europesays.com\/fr\/wp-json\/wp\/v2\/media?parent=365373"}],"wp:term":[{"taxonomy":"category","embeddable":true,"href":"https:\/\/www.europesays.com\/fr\/wp-json\/wp\/v2\/categories?post=365373"},{"taxonomy":"post_tag","embeddable":true,"href":"https:\/\/www.europesays.com\/fr\/wp-json\/wp\/v2\/tags?post=365373"}],"curies":[{"name":"wp","href":"https:\/\/api.w.org\/{rel}","templated":true}]}}