{"id":365378,"date":"2025-09-04T09:45:16","date_gmt":"2025-09-04T09:45:16","guid":{"rendered":"https:\/\/www.europesays.com\/fr\/365378\/"},"modified":"2025-09-04T09:45:16","modified_gmt":"2025-09-04T09:45:16","slug":"alexandra-rosenfeld-explique-avoir-recu-dautres-temoignages-de-femmes-accusant-jean-imbert","status":"publish","type":"post","link":"https:\/\/www.europesays.com\/fr\/365378\/","title":{"rendered":"Alexandra Rosenfeld explique avoir re\u00e7u d\u2019autres t\u00e9moignages de femmes accusant Jean Imbert"},"content":{"rendered":"<p>        <img decoding=\"async\" loading=\"lazy\" src=\"https:\/\/www.europesays.com\/fr\/wp-content\/uploads\/2025\/09\/83ddfb6_upload-1-ps71f0rtx12s-capture-da-a-cran-2025-09-03-230126.png\"  width=\"728\" height=\"409\" alt=\"Alexandra Rosenfeld a t\u00e9moign\u00e9 ce mercredi 3\u00a0septembre dans l\u2019\u00e9mission \u00ab\u00a0Quotidien\u00a0\u00bb sur TMC contre son ex-conjoint,\u00a0Jean Imbert.\"\/>  <\/p>\n<p>Quotidien<\/p>\n<p>Alexandra Rosenfeld a t\u00e9moign\u00e9 ce mercredi 3\u00a0septembre dans l\u2019\u00e9mission \u00ab\u00a0Quotidien\u00a0\u00bb sur TMC contre son ex-conjoint,\u00a0Jean Imbert.<\/p>\n<p class=\"asset asset-text\">VIOLENCES SEXISTES &#8211; \u00ab\u00a0Il venait m\u00eame devant l\u2019\u00e9cole de ma fille\u00a0\u00bb. L\u2019ancienne Miss France Alexandra Rosenfeld a t\u00e9moign\u00e9, ce mercredi 3\u00a0septembre, dans l\u2019\u00e9mission Quotidien sur TMC contre son ex-conjoint\u00a0<a href=\"https:\/\/www.huffingtonpost.fr\/france\/article\/lila-salet-ex-compagne-de-jean-imbert-temoigne-sur-instagram-t-es-une-enflure-qui-frappe-les-femmes_249184.html\" target=\"_blank\" rel=\"noopener\">Jean Imbert<\/a>, accus\u00e9 de <a href=\"https:\/\/www.huffingtonpost.fr\/faits-divers\/article\/jean-imbert-vise-par-une-enquete-pour-violences-conjugales-reagit-pour-la-premiere-fois_254077.html\" target=\"_blank\" rel=\"noopener\">violences conjugales <\/a>par plusieurs de ses anciennes compagnes. Elle affirme qu\u2019apr\u00e8s sa <a href=\"https:\/\/www.huffingtonpost.fr\/people\/article\/alexandra-rosenfeld-denonce-l-emprise-de-jean-imbert-quatre-mois-apres-avoir-temoigne-anonymement_253749.html\" target=\"_blank\" rel=\"noopener\">publication Instagram du 19\u00a0ao\u00fbt<\/a>, d\u2019autres femmes l\u2019ont contact\u00e9e pour t\u00e9moigner contre le chef \u00e9toil\u00e9.<\/p>\n<p class=\"asset asset-text\">\u00ab\u00a0Je vais parler d\u2019emprise insidieuse\u00a0\u00bb, a d\u2019abord affirm\u00e9 la Miss France 2006 face au pr\u00e9sentateur Yann Barth\u00e8s, avant d\u2019\u00e9voquer des insultes permanentes. Le chef \u00e9toil\u00e9 Jean Imbert \u00ab\u00a0se moquait de mon milieu social, parce que mes parents \u00e9taient fonctionnaires et pas chefs d\u2019entreprise, de mes amis qui n\u2019\u00e9taient pas connus. Si j\u2019\u00e9tais habill\u00e9e en sport, j\u2019\u00e9tais une cassos, si je me faisais jolie j\u2019\u00e9tais une pute (&#8230;)\u00a0\u00a0\u00bb<\/p>\n<p class=\"asset asset-text\">Surnomm\u00e9 \u00ab\u00a0le chef des stars\u00a0\u00bb, celui qui a servi Dua Lipa, Beyonc\u00e9 ou Kylian Mbapp\u00e9 est vis\u00e9 par une enqu\u00eate pour violences conjugales ouverte par le parquet de Versailles \u00e0 la suite de la plainte d\u00e9pos\u00e9e par une de ses ex-compagnes, l\u2019ancienne actrice Lila Salet.<\/p>\n<p>    De nouveaux t\u00e9moignages apr\u00e8s sa publication Instagram    <\/p>\n<p class=\"asset asset-text\">\u00ab\u00a0Il fait peur, quand tu le quittes, il est cach\u00e9 dans ton parking. Il est devant chez toi, dans l\u2019entr\u00e9e\u00a0\u00bb, poursuit Alexandra Rosenfeld \u00e0 propos du chef qui est notamment derri\u00e8re les fourneaux du restaurant \u00e9toil\u00e9 des h\u00f4tels Plaza Ath\u00e9n\u00e9e \u00e0 Paris et Martinez \u00e0 Cannes.<\/p>\n<p class=\"asset asset-text\">La trentenaire parle aussi d\u2019un coup de t\u00eate, que Jean Imbert lui aurait donn\u00e9, qui a fractur\u00e9 son nez\u00a0: \u00ab\u00a0C\u2019\u00e9tait sur un lieu professionnel, il m\u2019a retourn\u00e9, il m\u2019a mis un coup de t\u00eate, ce n\u2019\u00e9tait pas une bagarre.\u00a0\u00bb\u00a0<\/p>\n<p class=\"asset asset-text\">Apr\u00e8s avoir t\u00e9moign\u00e9 sous le pseudonyme d\u2019El\u00e9onore dans le magazine Elle aux c\u00f4t\u00e9s de trois autres ex-compagnes du vainqueur de\u00a0Top Chef\u00a02012, Alexandra Rosenfeld explique avoir pris du temps avant de pouvoir sortir de l\u2019anonymat. La compagne du journaliste Hugo Cl\u00e9ment a finalement d\u00e9cid\u00e9 le 19\u00a0ao\u00fbt d\u2019\u00e9crire une publication Instagram contre Jean Imbert d\u00e9non\u00e7ant \u00ab\u00a0les m\u00e9pris, les rabaissements, les silences, les mots parfaitement plac\u00e9s pour me faire douter de moi, de ma valeur\u00a0\u00bb. <\/p>\n<p class=\"asset asset-text\">Cette publication a provoqu\u00e9 un important retentissement m\u00e9diatique et \u00ab\u00a0d\u2019autres victimes\u00a0\u00bb de Jean Imbert ont contact\u00e9 Alexandra Rosenfeld, d\u00e9clare-t-elle ce mercredi soir \u00e0 Quotidien. La jeune femme ajoute que certains faits \u00e9voqu\u00e9s par ces femmes ne sont pas \u00ab\u00a0prescrits\u00a0\u00bb et vont permettre, selon elle, de rouvrir l\u2019enqu\u00eate.<\/p>\n<p> La lecture de ce contenu est susceptible d\u2019entra\u00eener un d\u00e9p\u00f4t de cookies de la part de l\u2019op\u00e9rateur tiers qui l\u2019h\u00e9berge. Compte-tenu des choix que vous avez exprim\u00e9s en mati\u00e8re de d\u00e9p\u00f4t de cookies, nous avons bloqu\u00e9 l\u2019affichage de ce contenu. Si vous souhaitez y acc\u00e9der, vous devez accepter la cat\u00e9gorie de cookies \u201cContenus tiers\u201d en cliquant sur le bouton ci-dessous. <\/p>\n<p> Lire la Vid\u00e9o        <\/p>\n<p class=\"asset asset-text\">Le chef \u00e9toil\u00e9\u00a0Jean\u00a0Imbert\u00a0a, lui, annonc\u00e9 sa mise en \u00ab\u00a0retrait\u00a0\u00bb de ses \u00e9tablissements apr\u00e8s l\u2019ouverture d\u2019une enqu\u00eate \u00e0 son encontre. Aupr\u00e8s du magazine Elle,\u00a0Jean\u00a0Imbert\u00a0avait ni\u00e9 en avril toute violence physique ou psychologique envers d\u2019ex-compagnes.<\/p>\n","protected":false},"excerpt":{"rendered":"Quotidien Alexandra Rosenfeld a t\u00e9moign\u00e9 ce mercredi 3\u00a0septembre dans l\u2019\u00e9mission \u00ab\u00a0Quotidien\u00a0\u00bb sur TMC contre son ex-conjoint,\u00a0Jean Imbert. VIOLENCES&hellip;\n","protected":false},"author":2,"featured_media":365379,"comment_status":"","ping_status":"","sticky":false,"template":"","format":"standard","meta":{"footnotes":""},"categories":[1359],"tags":[58,59,1011,27,13518,303,973,1404,8648,32279],"class_list":{"0":"post-365378","1":"post","2":"type-post","3":"status-publish","4":"format-standard","5":"has-post-thumbnail","7":"category-people","8":"tag-divertissement","9":"tag-entertainment","10":"tag-fr","11":"tag-france","12":"tag-jean-imbert","13":"tag-justice","14":"tag-people","15":"tag-quotidien","16":"tag-tmc","17":"tag-violences-sexistes"},"share_on_mastodon":{"url":"https:\/\/pubeurope.com\/@fr\/115145390430022584","error":""},"_links":{"self":[{"href":"https:\/\/www.europesays.com\/fr\/wp-json\/wp\/v2\/posts\/365378","targetHints":{"allow":["GET"]}}],"collection":[{"href":"https:\/\/www.europesays.com\/fr\/wp-json\/wp\/v2\/posts"}],"about":[{"href":"https:\/\/www.europesays.com\/fr\/wp-json\/wp\/v2\/types\/post"}],"author":[{"embeddable":true,"href":"https:\/\/www.europesays.com\/fr\/wp-json\/wp\/v2\/users\/2"}],"replies":[{"embeddable":true,"href":"https:\/\/www.europesays.com\/fr\/wp-json\/wp\/v2\/comments?post=365378"}],"version-history":[{"count":0,"href":"https:\/\/www.europesays.com\/fr\/wp-json\/wp\/v2\/posts\/365378\/revisions"}],"wp:featuredmedia":[{"embeddable":true,"href":"https:\/\/www.europesays.com\/fr\/wp-json\/wp\/v2\/media\/365379"}],"wp:attachment":[{"href":"https:\/\/www.europesays.com\/fr\/wp-json\/wp\/v2\/media?parent=365378"}],"wp:term":[{"taxonomy":"category","embeddable":true,"href":"https:\/\/www.europesays.com\/fr\/wp-json\/wp\/v2\/categories?post=365378"},{"taxonomy":"post_tag","embeddable":true,"href":"https:\/\/www.europesays.com\/fr\/wp-json\/wp\/v2\/tags?post=365378"}],"curies":[{"name":"wp","href":"https:\/\/api.w.org\/{rel}","templated":true}]}}