{"id":365382,"date":"2025-09-04T09:47:13","date_gmt":"2025-09-04T09:47:13","guid":{"rendered":"https:\/\/www.europesays.com\/fr\/365382\/"},"modified":"2025-09-04T09:47:13","modified_gmt":"2025-09-04T09:47:13","slug":"a-morges-martin-suter-au-rendez-vous-du-livre-sur-les-quais","status":"publish","type":"post","link":"https:\/\/www.europesays.com\/fr\/365382\/","title":{"rendered":"A Morges, Martin Suter au rendez-vous du \u00ab\u00a0Livre sur les quais\u00a0\u00bb"},"content":{"rendered":"<p class=\"lede\">L&rsquo;auteur zurichois Martin Suter participe \u00e0 la prochaine \u00e9dition du \u00ab\u00a0Livre sur les quais\u00a0\u00bb \u00e0 Morges, du 5 au 7 septembre. Il y pr\u00e9sentera la version fran\u00e7aise de son dernier polar, \u00ab\u00a0Allmen et le dernier des Weynfeldt\u00a0\u00bb, o\u00f9 il r\u00e9unit deux de ses personnages f\u00e9tiches.<\/p>\n<p>Ce 7e volet de la s\u00e9rie \u00ab\u00a0Allmen\u00a0\u00bb, publi\u00e9 en allemand en 2024 et r\u00e9cemment traduit en fran\u00e7ais, marque la premi\u00e8re rencontre entre Johann Friedrich von Allmen, un d\u00e9tective esth\u00e8te et fauch\u00e9, et Adrian Weynfeldt, un richissime expert en art r\u00e9serv\u00e9 et solitaire: les deux protagonistes \u00e9voluaient jusque-l\u00e0 dans des r\u00e9cits s\u00e9par\u00e9s. \u00ab\u00a0Cette alliance litt\u00e9raire ne sera pas la derni\u00e8re\u00a0\u00bb, a d&rsquo;ores et d\u00e9j\u00e0 annonc\u00e9 Martin Suter \u00e0 Keystone-ATS, rencontr\u00e9 dans les locaux de sa maison d&rsquo;\u00e9dition Diogenes \u00e0 Zurich.<\/p>\n<p>\u00ab\u00a0Une litt\u00e9rature sans le\u00e7on \u00e0 donner\u00a0\u00bb<\/p>\n<p>A l&rsquo;\u00e9poque o\u00f9 la fantasy cartonne, Martin Suter, 77 ans, reste fid\u00e8le \u00e0 sa mani\u00e8re: cr\u00e9er un monde parfaitement normal, rendant l&rsquo;inattendu encore plus d\u00e9stabilisant. \u00ab\u00a0Je crois au r\u00e9alisme. Je n&rsquo;ai pas de message\u00a0\u00bb, affirme-t-il, revendiquant une litt\u00e9rature sans le\u00e7on \u00e0 donner.<\/p>\n<p>Une posture qu&rsquo;il n&rsquo;a pas toujours affich\u00e9e: Martin Suter a collabor\u00e9 avec le cin\u00e9aste suisse Daniel Schmid, en signant le sc\u00e9nario du film \u00ab\u00a0Berezina ou Les derniers jours de la Suisse\u00a0\u00bb (1999). Le film, une satire politique, avait \u00e9t\u00e9 salu\u00e9 pour sa critique acerbe de la soci\u00e9t\u00e9 suisse.<\/p>\n<p>On l&rsquo;a aussi lu dans la presse. Apr\u00e8s avoir quitt\u00e9 son poste de publicitaire au d\u00e9but des ann\u00e9es 1990 &#8211; il est un des rares auteurs en Suisse \u00e0 vivre de sa plume -, Martin Suter a \u00e9crit des chroniques pour le magazine Die Weltwoche, intitul\u00e9es \u00ab\u00a0Business Class\u00a0\u00bb.<\/p>\n<p>Ces chroniques satiriques, qui d\u00e9crivaient les travers du monde des affaires, lui ont rapport\u00e9 jusqu&rsquo;\u00e0 \u00ab\u00a02000 francs par texte\u00a0\u00bb, a-t-il relev\u00e9. Au d\u00e9but des ann\u00e9es 2000, &#8211; et apr\u00e8s le virage \u00e0 droite UDC de la Weltwoche -, il a transf\u00e9r\u00e9 quelque temps cette chronique dans le suppl\u00e9ment hebdomadaire Das Magazin du quotidien Tages-Anzeiger.<\/p>\n<p>Emport\u00e9 ailleurs<\/p>\n<p>C\u00f4t\u00e9 roman et polar, Martin Suter con\u00e7oit la lecture comme une parenth\u00e8se, un pas de c\u00f4t\u00e9. \u00ab\u00a0J&rsquo;aime bien faire du lecteur, pendant quelques heures ou quelques jours, un citoyen inutilisable\u00a0\u00bb, dit-il en souriant. Comprendre: un lecteur absorb\u00e9, distrait de la r\u00e9alit\u00e9, pris dans les filets d&rsquo;un r\u00e9cit qui l&#8217;emporte ailleurs.<\/p>\n<p>Sur la m\u00e9canique du suspense, il cite volontiers parmi ses r\u00e9f\u00e9rences, le romancier E.T.A. Hoffmann, dont il soup\u00e7onne qu&rsquo;Hitchcock s&rsquo;est inspir\u00e9: \u00ab\u00a0Ce jeu de tension et de rel\u00e2chement, cela m&rsquo;a marqu\u00e9.\u00a0\u00bb<\/p>\n<p>L&rsquo;homme au costume trois pi\u00e8ces et au regard rieur avoue pourtant lire peu de fiction aujourd&rsquo;hui: \u00ab\u00a0j&rsquo;ai ma vie r\u00e9elle, et celle fictionnelle de mes livres. Cela fait d\u00e9j\u00e0 beaucoup.\u00a0\u00bb Il confie toutefois avoir \u00e9t\u00e9 fortement influenc\u00e9 par l&rsquo;\u00e9crivain britannique W. Somerset Maugham, d\u00e9couvert \u00e0 Fribourg gr\u00e2ce \u00e0 une voisine anglaise: \u00ab\u00a0quand je relis ses textes, j&rsquo;y retrouve des phrases que j&rsquo;aurais pu \u00e9crire.\u00a0\u00bb<\/p>\n<p>Martin Suter \u00e9crit ses romans sur un an, de la premi\u00e8re id\u00e9e jusqu&rsquo;aux \u00e9preuves. \u00ab\u00a0Je ne peux pas commencer sans savoir o\u00f9 je vais, confie-t-il. Si je ne connais pas le but, je n&rsquo;y arrive pas.\u00a0\u00bb<\/p>\n<p>Au chapitre 8 de son prochain roman<\/p>\n<p>Aujourd&rsquo;hui, il en est au chapitre 8 de son prochain roman &#8211; tandis que \u00ab\u00a0Wut und Liebe\u00a0\u00bb (2025), qui cartonne actuellement en Suisse al\u00e9manique, va sortir l&rsquo;an prochain en fran\u00e7ais. Il voulait faire une pause, dit-il, mais l&rsquo;histoire l&rsquo;a rattrap\u00e9. L&rsquo;\u00e9criture reste une n\u00e9cessit\u00e9. \u00ab\u00a0Finir un livre ne me rend pas triste. Je suis content, je fais autre chose, je voyage. Mais ne plus pouvoir \u00e9crire, ce serait une punition.\u00a0\u00bb<\/p>\n<p>M\u00eame les nouveaux outils num\u00e9riques ne le d\u00e9tournent pas de cette discipline. Il utilise ChatGPT \u00ab\u00a0comme un moteur de recherche\u00a0\u00bb. Il s&rsquo;amuse, reconna\u00eet ses qualit\u00e9s, mais trace une ligne: \u00ab\u00a0il m&rsquo;a propos\u00e9 d&rsquo;\u00e9crire un chapitre. J&rsquo;ai dit non.\u00a0\u00bb Des connaissances lui ont envoy\u00e9 des textes \u00e9crits par l&rsquo;IA g\u00e9n\u00e9rative \u00ab\u00a0\u00e0 la mani\u00e8re de Martin Suter\u00a0\u00bb. \u00ab\u00a0Ce n&rsquo;\u00e9tait pas \u00e7a. Ce n&rsquo;est pas suffisant d&rsquo;\u00e9crire des phrases courtes pour m&rsquo;imiter.\u00a0\u00bb<\/p>\n<p>Pour ceux qui ont aim\u00e9 \u00ab\u00a0Melody\u00a0\u00bb &#8211; son dernier roman traduit en 2024 &#8211; pour sa profondeur humaine, la lecture du dernier \u00ab\u00a0Allmen\u00a0\u00bb &#8211; le 5e de cette s\u00e9rie \u00e0 avoir \u00e9t\u00e9 traduit en fran\u00e7ais &#8211; pourrait sembler plus superficielle, moins intense. En revanche, les amateurs de polars mondains seront ravis.<\/p>\n<p>Cet article a \u00e9t\u00e9 publi\u00e9 automatiquement. Source : ats<\/p>\n","protected":false},"excerpt":{"rendered":"L&rsquo;auteur zurichois Martin Suter participe \u00e0 la prochaine \u00e9dition du \u00ab\u00a0Livre sur les quais\u00a0\u00bb \u00e0 Morges, du 5&hellip;\n","protected":false},"author":2,"featured_media":365383,"comment_status":"","ping_status":"","sticky":false,"template":"","format":"standard","meta":{"footnotes":""},"categories":[1357],"tags":[1379,58,59,1011,27,1380],"class_list":{"0":"post-365382","1":"post","2":"type-post","3":"status-publish","4":"format-standard","5":"has-post-thumbnail","7":"category-livres","8":"tag-books","9":"tag-divertissement","10":"tag-entertainment","11":"tag-fr","12":"tag-france","13":"tag-livres"},"share_on_mastodon":{"url":"https:\/\/pubeurope.com\/@fr\/115145398342698557","error":""},"_links":{"self":[{"href":"https:\/\/www.europesays.com\/fr\/wp-json\/wp\/v2\/posts\/365382","targetHints":{"allow":["GET"]}}],"collection":[{"href":"https:\/\/www.europesays.com\/fr\/wp-json\/wp\/v2\/posts"}],"about":[{"href":"https:\/\/www.europesays.com\/fr\/wp-json\/wp\/v2\/types\/post"}],"author":[{"embeddable":true,"href":"https:\/\/www.europesays.com\/fr\/wp-json\/wp\/v2\/users\/2"}],"replies":[{"embeddable":true,"href":"https:\/\/www.europesays.com\/fr\/wp-json\/wp\/v2\/comments?post=365382"}],"version-history":[{"count":0,"href":"https:\/\/www.europesays.com\/fr\/wp-json\/wp\/v2\/posts\/365382\/revisions"}],"wp:featuredmedia":[{"embeddable":true,"href":"https:\/\/www.europesays.com\/fr\/wp-json\/wp\/v2\/media\/365383"}],"wp:attachment":[{"href":"https:\/\/www.europesays.com\/fr\/wp-json\/wp\/v2\/media?parent=365382"}],"wp:term":[{"taxonomy":"category","embeddable":true,"href":"https:\/\/www.europesays.com\/fr\/wp-json\/wp\/v2\/categories?post=365382"},{"taxonomy":"post_tag","embeddable":true,"href":"https:\/\/www.europesays.com\/fr\/wp-json\/wp\/v2\/tags?post=365382"}],"curies":[{"name":"wp","href":"https:\/\/api.w.org\/{rel}","templated":true}]}}