{"id":365384,"date":"2025-09-04T09:48:11","date_gmt":"2025-09-04T09:48:11","guid":{"rendered":"https:\/\/www.europesays.com\/fr\/365384\/"},"modified":"2025-09-04T09:48:11","modified_gmt":"2025-09-04T09:48:11","slug":"il-ne-voulait-pas-dacharnement-therapeutique","status":"publish","type":"post","link":"https:\/\/www.europesays.com\/fr\/365384\/","title":{"rendered":"il ne voulait pas d&rsquo;acharnement th\u00e9rapeutique"},"content":{"rendered":"<p>            <a href=\"https:\/\/www.journaldesfemmes.fr\/people\/magazine\/3239790-actu-people-france-septembre-semaine-1-lea-salame-mireille-mathieu\/3240328-laury-thilleman\" class=\"app_button_nav_prev jMiddlePreviousButton\" target=\"_blank\" rel=\"noopener\"><\/a><a href=\"https:\/\/www.journaldesfemmes.fr\/people\/magazine\/3239790-actu-people-france-septembre-semaine-1-lea-salame-mireille-mathieu\/3240140-lea-salame\" class=\"app_button_nav_next jMiddleNextButton\" target=\"_blank\" rel=\"noopener\"><\/a><\/p>\n<p>                <img loading=\"lazy\" decoding=\"async\" src=\"https:\/\/www.europesays.com\/fr\/wp-content\/uploads\/2025\/09\/40045337.jpeg\" alt=\"\" width=\"250\" height=\"457\"\/><br \/>\n            <a href=\"https:\/\/img-3.journaldesfemmes.fr\/EtS0HG8UtcJTxLNL-pcHTbrkl6A=\/656x\/smart\/7851ae6304144403ac3ce1caa82d036e\/ccmcms-jdf\/40045337.jpeg\" class=\"fancy app_btn_1 app_btn--ico\" target=\"_blank\" rel=\"noopener\"><\/a>Thierry Ardisson \u00a9\u00a0SADAKA EDMOND\/SIPA    <\/p>\n<p><strong>Choix accept\u00e9.<\/strong> D\u00e9c\u00e9d\u00e9 le 14 juillet dernier apr\u00e8s avoir lutt\u00e9 contre un cancer du foie, Thierry Ardisson ne r\u00e9pondait plus aux traitements \u00e0 la fin de sa vie et n&rsquo;a pas souhait\u00e9 que le corps m\u00e9dical intensifie ses efforts pour repousser l&rsquo;\u00e9ch\u00e9ance.\u00a0 \u00ab\u00a0Il nous a dit qu&rsquo;il ne voulait pas d&rsquo;acharnement th\u00e9rapeutique et on a tous, par amour, respecter son souhait. Comme son corps ne r\u00e9pondait plus aux traitements pour \u00e9viter ses souffrances, l&rsquo;oncologue, ses \u00e9quipes et nous, on l&rsquo;a accompagn\u00e9 vers ce qu&rsquo;on appelle une s\u00e9dation profonde. Pour que ce soit le moins douloureux pour lui\u00a0\u00bb, a racont\u00e9 son \u00e9pouse, Audrey Crespo Mara, sur le plateau de Quotidien.<\/p>\n","protected":false},"excerpt":{"rendered":"Thierry Ardisson \u00a9\u00a0SADAKA EDMOND\/SIPA Choix accept\u00e9. D\u00e9c\u00e9d\u00e9 le 14 juillet dernier apr\u00e8s avoir lutt\u00e9 contre un cancer du&hellip;\n","protected":false},"author":2,"featured_media":365385,"comment_status":"","ping_status":"","sticky":false,"template":"","format":"standard","meta":{"footnotes":""},"categories":[1356],"tags":[58,59,1011,27,252,1364],"class_list":{"0":"post-365384","1":"post","2":"type-post","3":"status-publish","4":"format-standard","5":"has-post-thumbnail","7":"category-television","8":"tag-divertissement","9":"tag-entertainment","10":"tag-fr","11":"tag-france","12":"tag-television","13":"tag-tv"},"share_on_mastodon":{"url":"https:\/\/pubeurope.com\/@fr\/115145402337309658","error":""},"_links":{"self":[{"href":"https:\/\/www.europesays.com\/fr\/wp-json\/wp\/v2\/posts\/365384","targetHints":{"allow":["GET"]}}],"collection":[{"href":"https:\/\/www.europesays.com\/fr\/wp-json\/wp\/v2\/posts"}],"about":[{"href":"https:\/\/www.europesays.com\/fr\/wp-json\/wp\/v2\/types\/post"}],"author":[{"embeddable":true,"href":"https:\/\/www.europesays.com\/fr\/wp-json\/wp\/v2\/users\/2"}],"replies":[{"embeddable":true,"href":"https:\/\/www.europesays.com\/fr\/wp-json\/wp\/v2\/comments?post=365384"}],"version-history":[{"count":0,"href":"https:\/\/www.europesays.com\/fr\/wp-json\/wp\/v2\/posts\/365384\/revisions"}],"wp:featuredmedia":[{"embeddable":true,"href":"https:\/\/www.europesays.com\/fr\/wp-json\/wp\/v2\/media\/365385"}],"wp:attachment":[{"href":"https:\/\/www.europesays.com\/fr\/wp-json\/wp\/v2\/media?parent=365384"}],"wp:term":[{"taxonomy":"category","embeddable":true,"href":"https:\/\/www.europesays.com\/fr\/wp-json\/wp\/v2\/categories?post=365384"},{"taxonomy":"post_tag","embeddable":true,"href":"https:\/\/www.europesays.com\/fr\/wp-json\/wp\/v2\/tags?post=365384"}],"curies":[{"name":"wp","href":"https:\/\/api.w.org\/{rel}","templated":true}]}}