{"id":365386,"date":"2025-09-04T09:49:14","date_gmt":"2025-09-04T09:49:14","guid":{"rendered":"https:\/\/www.europesays.com\/fr\/365386\/"},"modified":"2025-09-04T09:49:14","modified_gmt":"2025-09-04T09:49:14","slug":"lady-gaga-annule-son-concert-quelques-minutes-avant-de-monter-sur-scene","status":"publish","type":"post","link":"https:\/\/www.europesays.com\/fr\/365386\/","title":{"rendered":"Lady Gaga annule son concert quelques minutes avant de monter sur sc\u00e8ne"},"content":{"rendered":"<p>        <img decoding=\"async\" loading=\"lazy\" src=\"https:\/\/www.europesays.com\/fr\/wp-content\/uploads\/2025\/09\/bbd0d69_sirius-fs-upload-1-2jfrmmogqhyt-1739541208991-gettyimages-2197428613.jpg\"  width=\"728\" height=\"410\" alt=\"Le concert pr\u00e9vu ce mercredi 3\u00a0septembre \u00e9tait pr\u00e9vue \u00e0 l\u2019occasion de la tourn\u00e9e Mayhem Ball.\"\/>  <\/p>\n<p>Axelle\/Bauer-Griffin \/ FilmMagic<\/p>\n<p>Le concert pr\u00e9vu ce mercredi 3\u00a0septembre \u00e9tait pr\u00e9vue \u00e0 l\u2019occasion de la tourn\u00e9e Mayhem Ball.<\/p>\n<p class=\"asset asset-text\">MUSIQUE &#8211; Une bien triste nouvelle pour les fans pr\u00e9sents sur place. Alors que la chanteuse venait de sortir son nouveau clip <a href=\"https:\/\/www.huffingtonpost.fr\/culture\/article\/lady-gaga-se-prend-pour-une-poupee-dans-le-clip-de-the-dead-dance-pour-la-serie-netflix-mercredi_254387.html\" target=\"_blank\" rel=\"noopener\">Dead Dance<\/a> r\u00e9alis\u00e9 par le c\u00e9l\u00e8bre <a href=\"https:\/\/www.huffingtonpost.fr\/culture\/article\/tim-burton-revient-a-sa-passion-premiere-et-ses-fans-seront-ravis_252180.html\" target=\"_blank\" rel=\"noopener\">Tim Burton<\/a>, l\u2019interpr\u00e8te de Poker Face n\u2019a pas pu assurer le show. Le soir m\u00eame, lors de son <a href=\"https:\/\/www.huffingtonpost.fr\/culture\/video\/will-smith-est-accuse-d-avoir-utilise-l-intelligence-artificielle-pour-promouvoir-ses-concerts_254258.html\" target=\"_blank\" rel=\"noopener\">concert<\/a> pr\u00e9vu au Kaseya Center de Miami, elle a annul\u00e9 \u00e0 la derni\u00e8re minute.<\/p>\n<p class=\"asset asset-text\">C\u2019est dans un message post\u00e9 sur son compte Instagram, que la chanteuse s\u2019est exprim\u00e9e sur les causes de cette <a href=\"https:\/\/www.huffingtonpost.fr\/culture\/article\/kneecap-annule-sa-tournee-aux-etats-unis-mais-le-groupe-se-produira-bien-en-france_253988.html\" target=\"_blank\" rel=\"noopener\">annulation<\/a> quelques minutes avant le d\u00e9but du show \u00ab\u00a0Salut tout le monde, je suis vraiment d\u00e9sol\u00e9e, mais je dois reporter le spectacle de ce soir \u00e0 Miami\u00a0\u00bb commence-t-elle \u00ab\u00a0Pendant la r\u00e9p\u00e9tition hier soir et mon \u00e9chauffement vocal ce soir, ma voix \u00e9tait extr\u00eamement tendue et mon [m\u00e9decin] et mon professeur de chant m\u2019ont conseill\u00e9 de ne pas y aller en raison des risques.\u00a0\u00bb explique-t-elle.<\/p>\n<p class=\"asset asset-text\">L\u2019artiste de 39\u00a0ans explique \u00e9galement que ses pr\u00e9d\u00e9centes tourn\u00e9es ont eu des cons\u00e9quences tr\u00e8s n\u00e9fastes sur sa sant\u00e9, notamment sur sa voix \u00ab\u00a0Je veux \u00eatre intransigeante et pers\u00e9v\u00e9rer pour vous, mais je ne veux pas risquer des dommages permanents \u00e0 mes cordes vocales\u00a0\u00bb confie-t-elle.<\/p>\n<p>         <img decoding=\"async\" loading=\"lazy\" src=\"https:\/\/www.europesays.com\/fr\/wp-content\/uploads\/2025\/09\/ec34b3b_upload-1-h2ybt0nq3yzf-lady-gaga-annulation.jpg\"  width=\"728\" height=\"1269\" alt=\"\"\/>      <\/p>\n<p class=\"asset asset-text\">Ce concert \u00e9tait le 3e pr\u00e9vu dans la ville de Floride \u00e0 l\u2019occasion de sa tourn\u00e9e Mayhem Ball pour la promotion de son nouvel album. Un long circuit qui a commenc\u00e9 le 16\u00a0ao\u00fbt dernier \u00e0 Paradise, dans le Nevada et qui devrait se conclure le 30\u00a0janvier prochain \u00e0 Tokyo.<\/p>\n<p>                     Premi\u00e8re apparition de Lady Gaga dans \u00ab\u00a0Mercredi\u00a0\u00bb    <\/p>\n<p class=\"asset asset-text\">Les fans vont devoir attendre la reprogrammation du concert pr\u00e9vue \u00ab\u00a0le plus rapidement possible\u00a0\u00bb selon les \u00e9quipes de la chanteuse. Ils pourront se consoler avec l\u2019apparition de l\u2019artiste dans la saison 2\u00a0de la s\u00e9rie Mercredi dont la suite est disponible sur Netflix depuis ce mercredi 3\u00a0septembre.<\/p>\n<p> La lecture de ce contenu est susceptible d\u2019entra\u00eener un d\u00e9p\u00f4t de cookies de la part de l\u2019op\u00e9rateur tiers qui l\u2019h\u00e9berge. Compte-tenu des choix que vous avez exprim\u00e9s en mati\u00e8re de d\u00e9p\u00f4t de cookies, nous avons bloqu\u00e9 l\u2019affichage de ce contenu. Si vous souhaitez y acc\u00e9der, vous devez accepter la cat\u00e9gorie de cookies \u201cContenus tiers\u201d en cliquant sur le bouton ci-dessous. <\/p>\n<p> Lire la Vid\u00e9o              <\/p>\n<p class=\"asset asset-text\">Outre son arriv\u00e9e dans l\u2019univers de Mercredi Adams, la chanteuse a doublement collabor\u00e9 avec le r\u00e9alisateur du show, Tim Burton, pour concevoir son nouveau clip musical. En moins de 24\u00a0heures le clip cumule d\u00e9j\u00e0 plus de 4\u00a0millions de vues sur Youtube.<\/p>\n","protected":false},"excerpt":{"rendered":"Axelle\/Bauer-Griffin \/ FilmMagic Le concert pr\u00e9vu ce mercredi 3\u00a0septembre \u00e9tait pr\u00e9vue \u00e0 l\u2019occasion de la tourn\u00e9e Mayhem Ball.&hellip;\n","protected":false},"author":2,"featured_media":365387,"comment_status":"","ping_status":"","sticky":false,"template":"","format":"standard","meta":{"footnotes":""},"categories":[1355],"tags":[1697,251,58,59,1011,27,2531,1361,873],"class_list":{"0":"post-365386","1":"post","2":"type-post","3":"status-publish","4":"format-standard","5":"has-post-thumbnail","7":"category-musique","8":"tag-concert","9":"tag-culture","10":"tag-divertissement","11":"tag-entertainment","12":"tag-fr","13":"tag-france","14":"tag-lady-gaga","15":"tag-music","16":"tag-musique"},"share_on_mastodon":{"url":"https:\/\/pubeurope.com\/@fr\/115145406265434605","error":""},"_links":{"self":[{"href":"https:\/\/www.europesays.com\/fr\/wp-json\/wp\/v2\/posts\/365386","targetHints":{"allow":["GET"]}}],"collection":[{"href":"https:\/\/www.europesays.com\/fr\/wp-json\/wp\/v2\/posts"}],"about":[{"href":"https:\/\/www.europesays.com\/fr\/wp-json\/wp\/v2\/types\/post"}],"author":[{"embeddable":true,"href":"https:\/\/www.europesays.com\/fr\/wp-json\/wp\/v2\/users\/2"}],"replies":[{"embeddable":true,"href":"https:\/\/www.europesays.com\/fr\/wp-json\/wp\/v2\/comments?post=365386"}],"version-history":[{"count":0,"href":"https:\/\/www.europesays.com\/fr\/wp-json\/wp\/v2\/posts\/365386\/revisions"}],"wp:featuredmedia":[{"embeddable":true,"href":"https:\/\/www.europesays.com\/fr\/wp-json\/wp\/v2\/media\/365387"}],"wp:attachment":[{"href":"https:\/\/www.europesays.com\/fr\/wp-json\/wp\/v2\/media?parent=365386"}],"wp:term":[{"taxonomy":"category","embeddable":true,"href":"https:\/\/www.europesays.com\/fr\/wp-json\/wp\/v2\/categories?post=365386"},{"taxonomy":"post_tag","embeddable":true,"href":"https:\/\/www.europesays.com\/fr\/wp-json\/wp\/v2\/tags?post=365386"}],"curies":[{"name":"wp","href":"https:\/\/api.w.org\/{rel}","templated":true}]}}