{"id":365390,"date":"2025-09-04T09:51:15","date_gmt":"2025-09-04T09:51:15","guid":{"rendered":"https:\/\/www.europesays.com\/fr\/365390\/"},"modified":"2025-09-04T09:51:15","modified_gmt":"2025-09-04T09:51:15","slug":"avoir-subi-une-hysterectomie-augmente-le-risque","status":"publish","type":"post","link":"https:\/\/www.europesays.com\/fr\/365390\/","title":{"rendered":"avoir subi une hyst\u00e9rectomie augmente le risque"},"content":{"rendered":"<p>&#13;<\/p>\n<p>L&rsquo;ESSENTIEL<\/p>\n<ul>&#13;<\/p>\n<li class=\"li_essentiel\"> Les femmes ayant subi une hyst\u00e9rectomie et\/ou une ovariectomie bilat\u00e9rale pr\u00e9sentent un risque plus \u00e9lev\u00e9 d&rsquo;AVC.\t<\/li>\n<li class=\"li_essentiel\"> Selon les chercheurs, ces travaux doivent conduire \u00e0 mieux surveiller les patientes \u00e0 risque.\t<\/li>\n<li class=\"li_essentiel\"> D&rsquo;autres \u00e9tudes sont n\u00e9cessaires pour compl\u00e9ter et pr\u00e9ciser les d\u00e9couvertes.\t<\/li>\n<p>\t\t\t\t\t\t\t\t    &#13;\n\t\t\t\t\t\t<\/ul>\n<p>\t\t\t\t\t\t\t\t\t\t\t\t&#13;<\/p>\n<p>Plus de 60.000 femmes ont subi une hyst\u00e9rectomie en 2019. Cancer, fibrome, endom\u00e9triose, descente d&rsquo;organes, complications li\u00e9es \u00e0 l\u2019accouchement\u2026 les raisons d&rsquo;y recourir sont multiples. Et elles ont toutes pour point commun de prot\u00e9ger la vie des patientes.<\/p>\n<p>&#13;<\/p>\n<p>Toutefois, une nouvelle \u00e9tude publi\u00e9e dans la revue <a href=\"https:\/\/menopause.org\/wp-content\/uploads\/press-release\/MENO-D-25-00029.pdf\" target=\"_blank\" rel=\"noopener nofollow\">Menopause<\/a>, pr\u00e9vient que l&rsquo;hyst\u00e9rectomie, surtout si elle est accompagn\u00e9e du retrait des deux ovaires, peut augmenter le risque de souffrir d\u2019un accident vasculaire c\u00e9r\u00e9bral.<\/p>\n<p>&#13;<br \/>\nLe retrait de l\u2019ut\u00e9rus et des ovaires fait grimper les risques d&rsquo;AVC de 18 %&#13;<\/p>\n<p>Afin de mieux appr\u00e9hender les effets de l&rsquo;hyst\u00e9rectomie sur la sant\u00e9 cardiovasculaire des femmes, les chercheurs ont repris une grande \u00e9tude de sant\u00e9 am\u00e9ricaine portant sur plus 21.000 femmes qui ont \u00e9t\u00e9 suivies en moyenne 8,1 ans. Ils ont d\u00e9nombr\u00e9 193 d\u00e9c\u00e8s li\u00e9s \u00e0 un accident vasculaire c\u00e9r\u00e9bral entre 1999 et 2018. Pour obtenir un r\u00e9sultat encore plus complet, ils ont ajout\u00e9 les donn\u00e9es d\u2019autres cohortes sur la sant\u00e9 vasculaire et gyn\u00e9cologique des femmes.<\/p>\n<p>&#13;<\/p>\n<p>L&rsquo;analyse de l\u2019ensemble des travaux a r\u00e9v\u00e9l\u00e9 que l\u2019ablation de l\u2019ut\u00e9rus augmentait le risque des patientes de souffrir d\u2019un AVC. Plus pr\u00e9cis\u00e9ment, le risque grimpait de 18 % avec une hyst\u00e9rectomie accompagn\u00e9e du retrait des deux ovaires (ovariectomie), et de 5 % en cas d\u2019hyst\u00e9rectomie seule.<\/p>\n<p>&#13;<br \/>\n&#13;<br \/>\n&#13;<br \/>\n&#13;<br \/>\n&#13;<br \/>\n\t\t\t\t\t\t\t\t                                &#13;<br \/>\n&#13;<\/p>\n<p><a href=\"https:\/\/www.pourquoidocteur.fr\/index.php?op=MaladiesPkoidocHome&amp;action=Index&amp;maladie=520\" target=\"_blank\" rel=\"noopener nofollow\"><img loading=\"lazy\" decoding=\"async\" src=\"https:\/\/www.europesays.com\/fr\/wp-content\/uploads\/2025\/09\/avc1_banner_maladie.png\" alt=\"\" width=\"596\" height=\"87\"\/><\/a><\/p>\n<p>&#13;<br \/>\nHyst\u00e9rectomie et AVC : mieux rep\u00e9rer les profils \u00e0 risque&#13;<\/p>\n<p>\u00ab\u00a0Les r\u00e9sultats de cette \u00e9tude d\u00e9montrent un risque accru d&rsquo;accident vasculaire c\u00e9r\u00e9bral li\u00e9 \u00e0 l&rsquo;hyst\u00e9rectomie et\/ou \u00e0 l&rsquo;ovariectomie bilat\u00e9rale, soulignant que ces proc\u00e9dures courantes comportent des risques \u00e0 long terme. Ils attirent \u00e9galement l&rsquo;attention sur une opportunit\u00e9 d&rsquo;\u00e9valuation plus minutieuse du risque cardiovasculaire et de mise en \u0153uvre de strat\u00e9gies de r\u00e9duction des risques chez les femmes qui subissent ces chirurgies\u00a0\u00bb, souligne la Dr St\u00e9phanie Faubion, directrice m\u00e9dicale de The Menopause Society, dans un <a href=\"https:\/\/www.eurekalert.org\/news-releases\/1096712\" target=\"_blank\" rel=\"noopener nofollow\">communiqu\u00e9.<\/a><\/p>\n<p>&#13;<\/p>\n<p>Les chercheurs ajoutent que d\u2019autres travaux plus complets \u2013 prenant par exemple en compte la cause de l&rsquo;op\u00e9ration, l\u2019\u00e2ge de la chirurgie ou encore le type d\u2019AVC \u2013 sont n\u00e9cessaires afin d\u2019obtenir une image plus pr\u00e9cise des profils \u00e0 risque.<\/p>\n<p>\t&#13;<br \/>\n\t\t\t\t\t\t\t\t&#13;<br \/>\n\t\t\t\t\t\t\t\t&#13;<br \/>\n\t\t\t\t\t\t\t\t \t\t\t\t\t\t\t\t\t\t\t\t\t\t\t\t\t\t\t &#13;<br \/>\n\t\t\t\t\t\t\t\t\t\t\t\t\t\t\t\t\t\t\t &#13;<br \/>\n\t\t\t\t\t\t\t\t\t\t\t\t\t\t\t\t\t\t\t&#13;<br \/>\n\t\t\t\t\t\t\t\t\t\t\t\t\t\t\t\t \t\t\t\t\t\t\t\t\t&#13;<br \/>\n\t\t\t\t\t\t\t\t\t&#13;<br \/>\n\t\t\t\t\t\t\t\t\t \t\t\t\t\t\t\t\t\t&#13;<br \/>\n\t\t\t\t\t\t\t\t\t&#13;<br \/>\n                &#13;<br \/>\n                &#13;<br \/>\n\t\t\t\t\t\t\t\t&#13;<br \/>\n&#13;<br \/>\n\t\t\t\t\t\t\t&#13;<br \/>\n\t\t\t\t\t\t\t&#13;<br \/>\n                &#13;<\/p>\n","protected":false},"excerpt":{"rendered":"&#13; L&rsquo;ESSENTIEL &#13; Les femmes ayant subi une hyst\u00e9rectomie et\/ou une ovariectomie bilat\u00e9rale pr\u00e9sentent un risque plus \u00e9lev\u00e9&hellip;\n","protected":false},"author":2,"featured_media":365391,"comment_status":"","ping_status":"","sticky":false,"template":"","format":"standard","meta":{"footnotes":""},"categories":[10],"tags":[1011,27,72,71],"class_list":{"0":"post-365390","1":"post","2":"type-post","3":"status-publish","4":"format-standard","5":"has-post-thumbnail","7":"category-sante","8":"tag-fr","9":"tag-france","10":"tag-health","11":"tag-sante"},"share_on_mastodon":{"url":"https:\/\/pubeurope.com\/@fr\/115145414034589200","error":""},"_links":{"self":[{"href":"https:\/\/www.europesays.com\/fr\/wp-json\/wp\/v2\/posts\/365390","targetHints":{"allow":["GET"]}}],"collection":[{"href":"https:\/\/www.europesays.com\/fr\/wp-json\/wp\/v2\/posts"}],"about":[{"href":"https:\/\/www.europesays.com\/fr\/wp-json\/wp\/v2\/types\/post"}],"author":[{"embeddable":true,"href":"https:\/\/www.europesays.com\/fr\/wp-json\/wp\/v2\/users\/2"}],"replies":[{"embeddable":true,"href":"https:\/\/www.europesays.com\/fr\/wp-json\/wp\/v2\/comments?post=365390"}],"version-history":[{"count":0,"href":"https:\/\/www.europesays.com\/fr\/wp-json\/wp\/v2\/posts\/365390\/revisions"}],"wp:featuredmedia":[{"embeddable":true,"href":"https:\/\/www.europesays.com\/fr\/wp-json\/wp\/v2\/media\/365391"}],"wp:attachment":[{"href":"https:\/\/www.europesays.com\/fr\/wp-json\/wp\/v2\/media?parent=365390"}],"wp:term":[{"taxonomy":"category","embeddable":true,"href":"https:\/\/www.europesays.com\/fr\/wp-json\/wp\/v2\/categories?post=365390"},{"taxonomy":"post_tag","embeddable":true,"href":"https:\/\/www.europesays.com\/fr\/wp-json\/wp\/v2\/tags?post=365390"}],"curies":[{"name":"wp","href":"https:\/\/api.w.org\/{rel}","templated":true}]}}