{"id":365400,"date":"2025-09-04T09:56:11","date_gmt":"2025-09-04T09:56:11","guid":{"rendered":"https:\/\/www.europesays.com\/fr\/365400\/"},"modified":"2025-09-04T09:56:11","modified_gmt":"2025-09-04T09:56:11","slug":"5-infos-a-retenir-ce-jeudi-4-septembre","status":"publish","type":"post","link":"https:\/\/www.europesays.com\/fr\/365400\/","title":{"rendered":"5 infos \u00e0 retenir, ce jeudi 4 septembre"},"content":{"rendered":"<p>Bonjour chers lecteurs, voici cinq informations \u00e0 retenir ce jeudi matin, en Alg\u00e9rie et dans le monde. Bonne lecture.<strong>Coup d\u2019envoi de l\u2019IATF 2025 \u00e0 Alger<\/strong><\/p>\n<p>Alger accueille \u00e0 partir de ce jeudi 4 septembre la 4e \u00e9dition de la Foire commerciale intra-africaine (<a href=\"https:\/\/www.tsa-algerie.com\/iatf-2025-quels-enjeux-pour-lalgerie-le-decryptage-dun-economiste\/\" target=\"_blank\" rel=\"noopener nofollow\">IATF 2025<\/a>). L\u2019\u00e9v\u00e9nement, qui dure jusqu\u2019au 10 septembre, est plac\u00e9 sous le th\u00e8me \u00ab Une passerelle vers de nouvelles opportunit\u00e9s \u00bb, cette 4e \u00e9dition verra la participation de plus de 35.000 visiteurs venant de 80 pays et 2.000 entreprises exposantes.<\/p>\n<p class=\"a-lire-box\" style=\"&#13;&#10;                    margin:20px 0;&#13;&#10;                    padding:12px 0;&#13;&#10;                    border-top:1px solid #ddd;&#13;&#10;                    border-bottom:1px solid #ddd;&#13;&#10;                    line-height:1.8;&#13;&#10;                 \">&#13;<br \/>\n                    A lire aussi :&#13;<br \/>\n                    <a href=\"https:\/\/www.tsa-algerie.com\/visas-diplomatiques-lalgerie-accuse-la-france-de-mauvaise-foi\/\" class=\"a-lire-link\" style=\"color:#000;text-decoration:none;font-weight:600;\" rel=\"nofollow noopener\" target=\"_blank\">&#13;<br \/>\n                        Visas diplomatiques : l\u2019Alg\u00e9rie accuse la France de \u00ab mauvaise foi \u00bb&#13;<br \/>\n                    <\/a>&#13;\n                <\/p>\n<p>Cette nouvelle \u00e9dition de l\u2019IATF devrait \u00eatre marqu\u00e9e par la \u00ab signature d\u2019importants contrats pour un montant de 44 milliards de dollars, couvrant divers secteurs de d\u00e9veloppement en Afrique \u00bb. L\u2019Alg\u00e9rie escompte obtenir <a href=\"https:\/\/www.tsa-algerie.com\/iatf-2025-quels-enjeux-pour-lalgerie-le-decryptage-dun-economiste\/\" target=\"_blank\" rel=\"noopener nofollow\">10 milliards de dollars<\/a> de contrats durant cette foire, a indiqu\u00e9 l\u2019\u00e9conomiste Brahim Guendouzi dans un entretien \u00e0 TSA.<\/p>\n<p><strong>Alg\u00e9rie \u2013 Botswana, ce jeudi : o\u00f9 suivre le match ?<\/strong><\/p>\n<p>L\u2019Alg\u00e9rie affronte, ce jeudi 4 septembre, le<a href=\"https:\/\/www.tsa-algerie.com\/mondial-2026-algerie-botswana-la-police-fixe-des-mesures-strictes\/\" target=\"_blank\" rel=\"noopener nofollow\"> Botswana<\/a> au stade de Hocine A\u00eft Ahmed \u00e0 Tizi-Ouzou, dans le cadre de la 6\u1d49 journ\u00e9e des \u00e9liminatoires de la Coupe du monde de 2026. Objectif principal pour les Verts : gagner et renforcer leur position de leader du Groupe G.<\/p>\n<p class=\"a-lire-box\" style=\"&#13;&#10;                    margin:20px 0;&#13;&#10;                    padding:12px 0;&#13;&#10;                    border-top:1px solid #ddd;&#13;&#10;                    border-bottom:1px solid #ddd;&#13;&#10;                    line-height:1.8;&#13;&#10;                 \">&#13;<br \/>\n                    A lire aussi :&#13;<br \/>\n                    <a href=\"https:\/\/www.tsa-algerie.com\/imane-khelif-dement-sa-retraite-et-accuse-son-ex-manager-de-trahison\/\" class=\"a-lire-link\" style=\"color:#000;text-decoration:none;font-weight:600;\" rel=\"nofollow noopener\" target=\"_blank\">&#13;<br \/>\n                        Imane Khelif d\u00e9ment sa retraite et accuse son ex-manager de trahison&#13;<br \/>\n                    <\/a>&#13;\n                <\/p>\n<p>Le coup d\u2019envoi sera donn\u00e9 \u00e0 20 heures (21 h en Europe). Il est \u00e0 suivre en direct sur : la Cha\u00eene Terrestre (ENTV), TV 6 (ENTV), SSC Sports et \u00c9quipe Live. Les Verts sont priv\u00e9s de deux d\u00e9fenseurs : Rayan A\u00eft Nouri (Manchester City) et Jaouen Hadjam (BSC Youngs).<\/p>\n<p><strong>Gaza : plus de 21.000 enfants handicap\u00e9s, le cri de d\u00e9tresse de l\u2019UNRWA<\/strong><\/p>\n<p>La famine continue de faire des morts \u00e0 Gaza. Dix-neuf personnes sont mortes en deux jours (mardi et mercredi) de manque de nourriture, rapporte la cha\u00eene Al Jazeera, ce qui porte \u00e0 367 le total des victimes de la famine, dont 131 enfants.<\/p>\n<p class=\"a-lire-box\" style=\"&#13;&#10;                    margin:20px 0;&#13;&#10;                    padding:12px 0;&#13;&#10;                    border-top:1px solid #ddd;&#13;&#10;                    border-bottom:1px solid #ddd;&#13;&#10;                    line-height:1.8;&#13;&#10;                 \">&#13;<br \/>\n                    A lire aussi :&#13;<br \/>\n                    <a href=\"https:\/\/www.tsa-algerie.com\/lalgerie-instaure-un-triple-controle-des-importations\/\" class=\"a-lire-link\" style=\"color:#000;text-decoration:none;font-weight:600;\" rel=\"nofollow noopener\" target=\"_blank\">&#13;<br \/>\n                        L\u2019Alg\u00e9rie instaure\u00a0un triple contr\u00f4le\u00a0des\u00a0importations&#13;<br \/>\n                    <\/a>&#13;\n                <\/p>\n<p>L\u2019UNRWA a appel\u00e9 mercredi une nouvelle fois \u00e0 la lev\u00e9e du blocus isra\u00e9lien pour permettre l\u2019acheminement de l\u2019aide alimentaire. L\u2019agence onusienne a indiqu\u00e9 que les Palestiniens sont priv\u00e9s des produits de premi\u00e8re n\u00e9cessit\u00e9 et qu\u2019elle n\u2019a pas \u00e9t\u00e9 autoris\u00e9e par Isra\u00ebl \u00e0 leur apporter de l\u2019aide depuis six mois.<\/p>\n<p>Dans son contexte, la perspective d\u2019une reconnaissance de l\u2019\u00c9tat palestinien par plusieurs pays occidentaux continue de susciter de vives critiques en Isra\u00ebl. Tel-Aviv a menac\u00e9 d\u2019annexer la Cisjordanie en r\u00e9ponse \u00e0 cette vague de reconnaissance.<\/p>\n<p>Selon le Comit\u00e9 des droits des personnes handicap\u00e9es, organe de l\u2019ONU, plus de 21.000 enfants palestiniens vivent avec un handicap caus\u00e9 par les bombardements isra\u00e9liens, sur un total de 40.500 enfants ayant subi des \u00ab blessures provoqu\u00e9es par la guerre \u00bb depuis octobre 2023.<\/p>\n<blockquote class=\"twitter-tweet\">\n<p dir=\"ltr\" lang=\"en\">The Sumud Flotilla is sailing toward Gaza \u2014 with more ships set to join <a href=\"https:\/\/t.co\/nsxSYrjSnx\" rel=\"nofollow\">pic.twitter.com\/nsxSYrjSnx<\/a><\/p>\n<p>\u2014 Global Sumud Flotilla (@GlobalSumudF) <a href=\"https:\/\/twitter.com\/GlobalSumudF\/status\/1963405826955043300?ref_src=twsrc%5Etfw\" rel=\"nofollow noopener\" target=\"_blank\">September 4, 2025<\/a><\/p>\n<\/blockquote>\n<p><strong>Enrico Macias ind\u00e9sirable en Turquie<\/strong><\/p>\n<p>Enrico Macias n\u2019est pas le bienvenu en Turquie. Les autorit\u00e9s turques ont annul\u00e9 un concert du chanteur franco-isra\u00e9lien, pr\u00e9vu vendredi 5 septembre \u00e0 Istanbul, apr\u00e8s des appels \u00e0 manifester lanc\u00e9s par des soutiens de la cause palestinienne.<\/p>\n<p>Enrico Macias n\u2019a jamais cach\u00e9 son soutien \u00e0 Isra\u00ebl et \u00e0 son arm\u00e9e, accus\u00e9e de commettre un g\u00e9nocide \u00e0 Gaza. En ao\u00fbt dernier, il a une nouvelle fois publiquement d\u00e9fendu la guerre men\u00e9e par le gouvernement extr\u00e9miste isra\u00e9lien, malgr\u00e9 la famine et des dizaines de milliers de morts.<\/p>\n<p><strong>La Tunisie en col\u00e8re contre la France<\/strong><\/p>\n<p>La diplomatie tunisienne a r\u00e9agi, mercredi 3 septembre, \u00e0 la mort la veille \u00e0 Marseille d\u2019un ressortissant tunisien, tu\u00e9 par des policiers apr\u00e8s une agression au couteau commise contre plusieurs personnes.<\/p>\n<p>Tunis, qui a convoqu\u00e9 le charg\u00e9 d\u2019affaires de l\u2019Ambassade de France en Tunisie, a exprim\u00e9 sa col\u00e8re en qualifiant de \u00ab meurtre injustifi\u00e9 \u00bb la mort de son ressortissant et a r\u00e9clam\u00e9 une enqu\u00eate rapide \u00e0 la France.<\/p>\n<p>Le Tunisien de 35 ans a \u00e9t\u00e9 abattu par des policiers fran\u00e7ais dans un quartier du centre de Marseille, apr\u00e8s avoir bless\u00e9 au couteau cinq personnes.<\/p>\n<p><script async src=\"https:\/\/platform.twitter.com\/widgets.js\" charset=\"utf-8\"><\/script><\/p>\n","protected":false},"excerpt":{"rendered":"Bonjour chers lecteurs, voici cinq informations \u00e0 retenir ce jeudi matin, en Alg\u00e9rie et dans le monde. Bonne&hellip;\n","protected":false},"author":2,"featured_media":365401,"comment_status":"","ping_status":"","sticky":false,"template":"","format":"standard","meta":{"footnotes":""},"categories":[5],"tags":[11,1011,27,14,12,28],"class_list":{"0":"post-365400","1":"post","2":"type-post","3":"status-publish","4":"format-standard","5":"has-post-thumbnail","7":"category-international","8":"tag-actualites","9":"tag-fr","10":"tag-france","11":"tag-international","12":"tag-news","13":"tag-world"},"share_on_mastodon":{"url":"https:\/\/pubeurope.com\/@fr\/115145433766821446","error":""},"_links":{"self":[{"href":"https:\/\/www.europesays.com\/fr\/wp-json\/wp\/v2\/posts\/365400","targetHints":{"allow":["GET"]}}],"collection":[{"href":"https:\/\/www.europesays.com\/fr\/wp-json\/wp\/v2\/posts"}],"about":[{"href":"https:\/\/www.europesays.com\/fr\/wp-json\/wp\/v2\/types\/post"}],"author":[{"embeddable":true,"href":"https:\/\/www.europesays.com\/fr\/wp-json\/wp\/v2\/users\/2"}],"replies":[{"embeddable":true,"href":"https:\/\/www.europesays.com\/fr\/wp-json\/wp\/v2\/comments?post=365400"}],"version-history":[{"count":0,"href":"https:\/\/www.europesays.com\/fr\/wp-json\/wp\/v2\/posts\/365400\/revisions"}],"wp:featuredmedia":[{"embeddable":true,"href":"https:\/\/www.europesays.com\/fr\/wp-json\/wp\/v2\/media\/365401"}],"wp:attachment":[{"href":"https:\/\/www.europesays.com\/fr\/wp-json\/wp\/v2\/media?parent=365400"}],"wp:term":[{"taxonomy":"category","embeddable":true,"href":"https:\/\/www.europesays.com\/fr\/wp-json\/wp\/v2\/categories?post=365400"},{"taxonomy":"post_tag","embeddable":true,"href":"https:\/\/www.europesays.com\/fr\/wp-json\/wp\/v2\/tags?post=365400"}],"curies":[{"name":"wp","href":"https:\/\/api.w.org\/{rel}","templated":true}]}}