{"id":365402,"date":"2025-09-04T09:57:10","date_gmt":"2025-09-04T09:57:10","guid":{"rendered":"https:\/\/www.europesays.com\/fr\/365402\/"},"modified":"2025-09-04T09:57:10","modified_gmt":"2025-09-04T09:57:10","slug":"les-dysfonctionnements-qui-ont-conduit-a-la-condamnation-de-letat","status":"publish","type":"post","link":"https:\/\/www.europesays.com\/fr\/365402\/","title":{"rendered":"les \u00ab\u00a0dysfonctionnements\u00a0\u00bb qui ont conduit \u00e0 la condamnation de l\u2019Etat"},"content":{"rendered":"<p>                         <img loading=\"lazy\" decoding=\"async\" src=\"https:\/\/www.europesays.com\/fr\/wp-content\/uploads\/2025\/09\/876aa97_ftp-import-images-1-rwkcrof7gbjr-5785770-01-06.jpg\" alt=\"Estelle Mouzin, disparue en 2003, \u00e0 l\u2019\u00e2ge de 9\u00a0ans.\"   width=\"664\" height=\"443\"\/>    Estelle Mouzin, disparue en 2003, \u00e0 l\u2019\u00e2ge de 9\u00a0ans.  AFP                 <\/p>\n<p class=\"article__paragraph  \">\u00ab\u00a0D\u00e9faillances\u00a0\u00bb, \u00ab\u00a0dysfonctionnements\u00a0\u00bb, \u00ab\u00a0manque de moyens humains\u00a0\u00bb\u2026 <a href=\"https:\/\/www.lemonde.fr\/societe\/article\/2025\/09\/03\/disparition-d-estelle-mouzin-l-etat-condamne-pour-faute-lourde-dans-l-enquete-sur-la-disparition-de-la-fillette-en-2003_6638790_3224.html\" rel=\"nofollow noopener\" target=\"_blank\">L\u2019Etat a \u00e9t\u00e9 condamn\u00e9 pour \u00ab\u00a0faute lourde\u00a0\u00bb mercredi 3\u00a0septembre<\/a> dans l\u2019enqu\u00eate sur la disparition d\u2019Estelle Mouzin, disparue \u00e0 l\u2019\u00e2ge de 9\u00a0ans en rentrant de l\u2019\u00e9cole, en janvier\u00a02003. \u00ab\u00a0Ces dysfonctionnements caract\u00e9risent l\u2019inaptitude du service public de\u00a0la justice \u00e0 remplir la mission qui lui \u00e9tait confi\u00e9e\u00a0\u00bb, pr\u00e9cise le jugement du tribunal judiciaire de Paris, que Le\u00a0Monde a pu consulter.<\/p>\n<p>   Lire plus tard  <\/p>\n<p class=\"article__paragraph  \">Le tribunal a notamment relev\u00e9 la \u00ab\u00a0cotation tardive et peu intelligible\u00a0\u00bb du dossier, qui comprend des centaines de milliers de pages, ainsi que \u00ab\u00a0la succession de dix magistrats instructeurs, dont certains pour de tr\u00e8s courtes p\u00e9riodes\u00a0\u00bb, le tout participant \u00ab\u00a0\u00e0 la difficult\u00e9 d\u2019appr\u00e9hender un dossier d\u2019instruction d\u2019une telle ampleur\u00a0\u00bb. Un \u00ab\u00a0manque de moyens\u00a0\u00bb qui \u00ab\u00a0a emp\u00each\u00e9 les magistrats de se coordonner ou\u00a0\u00e0 tout le moins d\u2019\u00e9changer plus rapidement avec les autres services ou\u00a0tribunaux charg\u00e9s de l\u2019instruction de disparitions similaires, alors que\u00a0les dossiers Fourniret-Olivier \u00e9taient alors instruits en parall\u00e8le dans\u00a0plusieurs tribunaux\u00a0\u00bb, ajoute le tribunal.<\/p>\n<p class=\"reading-mode-only \"><strong>Il vous reste 65.48% de cet article \u00e0 lire. La suite est r\u00e9serv\u00e9e aux abonn\u00e9s.<\/strong><\/p>\n","protected":false},"excerpt":{"rendered":"Estelle Mouzin, disparue en 2003, \u00e0 l\u2019\u00e2ge de 9\u00a0ans. AFP \u00ab\u00a0D\u00e9faillances\u00a0\u00bb, \u00ab\u00a0dysfonctionnements\u00a0\u00bb, \u00ab\u00a0manque de moyens humains\u00a0\u00bb\u2026 L\u2019Etat a&hellip;\n","protected":false},"author":2,"featured_media":365403,"comment_status":"","ping_status":"","sticky":false,"template":"","format":"standard","meta":{"footnotes":""},"categories":[4],"tags":[11,1011,27,12,25],"class_list":{"0":"post-365402","1":"post","2":"type-post","3":"status-publish","4":"format-standard","5":"has-post-thumbnail","7":"category-france","8":"tag-actualites","9":"tag-fr","10":"tag-france","11":"tag-news","12":"tag-republique-francaise"},"share_on_mastodon":{"url":"https:\/\/pubeurope.com\/@fr\/115145437734174151","error":""},"_links":{"self":[{"href":"https:\/\/www.europesays.com\/fr\/wp-json\/wp\/v2\/posts\/365402","targetHints":{"allow":["GET"]}}],"collection":[{"href":"https:\/\/www.europesays.com\/fr\/wp-json\/wp\/v2\/posts"}],"about":[{"href":"https:\/\/www.europesays.com\/fr\/wp-json\/wp\/v2\/types\/post"}],"author":[{"embeddable":true,"href":"https:\/\/www.europesays.com\/fr\/wp-json\/wp\/v2\/users\/2"}],"replies":[{"embeddable":true,"href":"https:\/\/www.europesays.com\/fr\/wp-json\/wp\/v2\/comments?post=365402"}],"version-history":[{"count":0,"href":"https:\/\/www.europesays.com\/fr\/wp-json\/wp\/v2\/posts\/365402\/revisions"}],"wp:featuredmedia":[{"embeddable":true,"href":"https:\/\/www.europesays.com\/fr\/wp-json\/wp\/v2\/media\/365403"}],"wp:attachment":[{"href":"https:\/\/www.europesays.com\/fr\/wp-json\/wp\/v2\/media?parent=365402"}],"wp:term":[{"taxonomy":"category","embeddable":true,"href":"https:\/\/www.europesays.com\/fr\/wp-json\/wp\/v2\/categories?post=365402"},{"taxonomy":"post_tag","embeddable":true,"href":"https:\/\/www.europesays.com\/fr\/wp-json\/wp\/v2\/tags?post=365402"}],"curies":[{"name":"wp","href":"https:\/\/api.w.org\/{rel}","templated":true}]}}