{"id":365406,"date":"2025-09-04T09:59:18","date_gmt":"2025-09-04T09:59:18","guid":{"rendered":"https:\/\/www.europesays.com\/fr\/365406\/"},"modified":"2025-09-04T09:59:18","modified_gmt":"2025-09-04T09:59:18","slug":"saint-genest-lerpt-un-vrai-challenge-a-relever-pour-fabrice-genin-nouveau-directeur-du-lycee-hotelier-renouveau","status":"publish","type":"post","link":"https:\/\/www.europesays.com\/fr\/365406\/","title":{"rendered":"Saint-Genest-Lerpt. \u00ab Un vrai challenge \u00e0 relever \u00bb pour Fabrice Genin, nouveau directeur du lyc\u00e9e h\u00f4telier Renouveau"},"content":{"rendered":"<blockquote class=\"question\"><p>Quelle image aviez-vous du lyc\u00e9e avant d\u2019en prendre la direction\u00a0?<\/p><\/blockquote>\n<p>\u00ab\u00a0Je le connaissais d\u00e9j\u00e0 de l\u2019ext\u00e9rieur de par les r\u00e9unions et les commissions auxquelles j\u2019\u00e9tais convi\u00e9 qui se d\u00e9roulaient sur le site. Une chose m\u2019avait frapp\u00e9, c\u2019est la s\u00e9r\u00e9nit\u00e9 qui s\u2019en d\u00e9gageait en observant les \u00e9l\u00e8ves dans les couloirs, habill\u00e9s de leur tenue obligatoire, souriants et calmes et l\u2019absence d\u2019adultes pour une \u00e9ventuelle surveillance.\u00a0\u00bb<\/p>\n<p>\u00ab\u00a0Depuis lundi 1er septembre, je le vis d\u00e9sormais au quotidien. Je vois \u00e9galement des \u00e9quipes qui fonctionnent naturellement sans qu\u2019il soit n\u00e9cessaire&#8230;<\/p>\n","protected":false},"excerpt":{"rendered":"Quelle image aviez-vous du lyc\u00e9e avant d\u2019en prendre la direction\u00a0? \u00ab\u00a0Je le connaissais d\u00e9j\u00e0 de l\u2019ext\u00e9rieur de par&hellip;\n","protected":false},"author":2,"featured_media":365407,"comment_status":"","ping_status":"","sticky":false,"template":"","format":"standard","meta":{"footnotes":""},"categories":[9653],"tags":[1111,11,2430,3599,7539,1057,1777,674,1011,27,12,25,12491,4001,17929],"class_list":{"0":"post-365406","1":"post","2":"type-post","3":"status-publish","4":"format-standard","5":"has-post-thumbnail","7":"category-saint-etienne","8":"tag-actu","9":"tag-actualites","10":"tag-auvergne-rhone-alpes","11":"tag-college-lycee","12":"tag-edition-loire-sud","13":"tag-education","14":"tag-eu","15":"tag-europe","16":"tag-fr","17":"tag-france","18":"tag-news","19":"tag-republique-francaise","20":"tag-roche-la-moliere-bassin","21":"tag-saint-etienne","22":"tag-saint-genest-lerpt"},"share_on_mastodon":{"url":"https:\/\/pubeurope.com\/@fr\/115145445608119217","error":""},"_links":{"self":[{"href":"https:\/\/www.europesays.com\/fr\/wp-json\/wp\/v2\/posts\/365406","targetHints":{"allow":["GET"]}}],"collection":[{"href":"https:\/\/www.europesays.com\/fr\/wp-json\/wp\/v2\/posts"}],"about":[{"href":"https:\/\/www.europesays.com\/fr\/wp-json\/wp\/v2\/types\/post"}],"author":[{"embeddable":true,"href":"https:\/\/www.europesays.com\/fr\/wp-json\/wp\/v2\/users\/2"}],"replies":[{"embeddable":true,"href":"https:\/\/www.europesays.com\/fr\/wp-json\/wp\/v2\/comments?post=365406"}],"version-history":[{"count":0,"href":"https:\/\/www.europesays.com\/fr\/wp-json\/wp\/v2\/posts\/365406\/revisions"}],"wp:featuredmedia":[{"embeddable":true,"href":"https:\/\/www.europesays.com\/fr\/wp-json\/wp\/v2\/media\/365407"}],"wp:attachment":[{"href":"https:\/\/www.europesays.com\/fr\/wp-json\/wp\/v2\/media?parent=365406"}],"wp:term":[{"taxonomy":"category","embeddable":true,"href":"https:\/\/www.europesays.com\/fr\/wp-json\/wp\/v2\/categories?post=365406"},{"taxonomy":"post_tag","embeddable":true,"href":"https:\/\/www.europesays.com\/fr\/wp-json\/wp\/v2\/tags?post=365406"}],"curies":[{"name":"wp","href":"https:\/\/api.w.org\/{rel}","templated":true}]}}