{"id":365408,"date":"2025-09-04T10:00:14","date_gmt":"2025-09-04T10:00:14","guid":{"rendered":"https:\/\/www.europesays.com\/fr\/365408\/"},"modified":"2025-09-04T10:00:14","modified_gmt":"2025-09-04T10:00:14","slug":"saint-etienne-se-transforme-en-gigantesque-salle-de-sport-a-ciel-ouvert","status":"publish","type":"post","link":"https:\/\/www.europesays.com\/fr\/365408\/","title":{"rendered":"SAINT-\u00c9TIENNE SE TRANSFORME EN GIGANTESQUE SALLE DE SPORT \u00c0 CIEL OUVERT"},"content":{"rendered":"<p>                <a href=\"https:\/\/cadenceradio.fr\" target=\"_blank\" aria-label=\"Banni\u00e8re Cadence 2025\" rel=\"nofollow noopener\"><img loading=\"lazy\" decoding=\"async\" src=\"https:\/\/www.europesays.com\/fr\/wp-content\/uploads\/2025\/07\/Banniere-Cadence-2025-scaled.jpg\" alt=\"\"   width=\"2560\" height=\"738\"\/><\/a><\/p>\n<p>Ce week-end, la place de Chavanelle vit au rythme des baskets et des ballons. L\u2019enseigne Intersport d\u00e9ploie son concept itin\u00e9rant \u00ab\u00a0Sport Tour\u00a0\u00bb dans la cit\u00e9 lig\u00e9rienne, transformant l\u2019espace urbain en complexe sportif temporaire de 3000 m\u00e8tres carr\u00e9s.<\/p>\n<p>Terrain de foot, playground et piste de course<\/p>\n<p>Les amateurs de ballon rond d\u00e9couvriront des ar\u00e8nes de duel individuel et des syst\u00e8mes de cibles interactives pour tester leur pr\u00e9cision. Les basketteurs disposent d\u2019un playground d\u00e9di\u00e9 au format 3\u00d73, agr\u00e9ment\u00e9 de mini-tournois organis\u00e9s tout au long du week-end.<\/p>\n<p>Les organisateurs n\u2019ont pas oubli\u00e9 le jeune public avec des zones sp\u00e9cifiquement am\u00e9nag\u00e9es pour les enfants d\u00e8s 4 ans. Cette attention port\u00e9e aux plus petits permet aux familles de profiter ensemble de cette animation urbaine exceptionnelle.<\/p>\n<p>Neuf heures d\u2019activit\u00e9s quotidiennes<\/p>\n<p>L\u2019\u00e9v\u00e9nement ouvre ses portes de 12h \u00e0 21h chaque jour, offrant une amplitude horaire confortable pour les participants. Cette plage horaire \u00e9tendue permet aux travailleurs de profiter des installations en fin de journ\u00e9e et aux familles d\u2019organiser leur venue selon leurs contraintes.<\/p>\n","protected":false},"excerpt":{"rendered":"Ce week-end, la place de Chavanelle vit au rythme des baskets et des ballons. L\u2019enseigne Intersport d\u00e9ploie son&hellip;\n","protected":false},"author":2,"featured_media":365409,"comment_status":"","ping_status":"","sticky":false,"template":"","format":"standard","meta":{"footnotes":""},"categories":[9653],"tags":[1111,11,2430,1777,674,1011,27,3367,12,25,4001,517],"class_list":{"0":"post-365408","1":"post","2":"type-post","3":"status-publish","4":"format-standard","5":"has-post-thumbnail","7":"category-saint-etienne","8":"tag-actu","9":"tag-actualites","10":"tag-auvergne-rhone-alpes","11":"tag-eu","12":"tag-europe","13":"tag-fr","14":"tag-france","15":"tag-loire","16":"tag-news","17":"tag-republique-francaise","18":"tag-saint-etienne","19":"tag-sport"},"share_on_mastodon":{"url":"https:\/\/pubeurope.com\/@fr\/115145449597643950","error":""},"_links":{"self":[{"href":"https:\/\/www.europesays.com\/fr\/wp-json\/wp\/v2\/posts\/365408","targetHints":{"allow":["GET"]}}],"collection":[{"href":"https:\/\/www.europesays.com\/fr\/wp-json\/wp\/v2\/posts"}],"about":[{"href":"https:\/\/www.europesays.com\/fr\/wp-json\/wp\/v2\/types\/post"}],"author":[{"embeddable":true,"href":"https:\/\/www.europesays.com\/fr\/wp-json\/wp\/v2\/users\/2"}],"replies":[{"embeddable":true,"href":"https:\/\/www.europesays.com\/fr\/wp-json\/wp\/v2\/comments?post=365408"}],"version-history":[{"count":0,"href":"https:\/\/www.europesays.com\/fr\/wp-json\/wp\/v2\/posts\/365408\/revisions"}],"wp:featuredmedia":[{"embeddable":true,"href":"https:\/\/www.europesays.com\/fr\/wp-json\/wp\/v2\/media\/365409"}],"wp:attachment":[{"href":"https:\/\/www.europesays.com\/fr\/wp-json\/wp\/v2\/media?parent=365408"}],"wp:term":[{"taxonomy":"category","embeddable":true,"href":"https:\/\/www.europesays.com\/fr\/wp-json\/wp\/v2\/categories?post=365408"},{"taxonomy":"post_tag","embeddable":true,"href":"https:\/\/www.europesays.com\/fr\/wp-json\/wp\/v2\/tags?post=365408"}],"curies":[{"name":"wp","href":"https:\/\/api.w.org\/{rel}","templated":true}]}}