{"id":36541,"date":"2025-04-19T13:02:08","date_gmt":"2025-04-19T13:02:08","guid":{"rendered":"https:\/\/www.europesays.com\/fr\/36541\/"},"modified":"2025-04-19T13:02:08","modified_gmt":"2025-04-19T13:02:08","slug":"menace-de-meurtre-par-al-qaida-le-prince-harry-reclame-une-protection-policiere-supplementaire","status":"publish","type":"post","link":"https:\/\/www.europesays.com\/fr\/36541\/","title":{"rendered":"Menac\u00e9 de meurtre par Al-Qa\u00efda, le prince Harry r\u00e9clame une protection polici\u00e8re suppl\u00e9mentaire"},"content":{"rendered":"<p>    Le prince Harry \u00e0 la sortie de la Cour royale de justice de Londres, le 9 avril 2025.<br \/>\n                Manning James\/PA Photos\/ABACAPRESS.COM<\/p>\n<p>Alors que des documents judiciaires r\u00e9v\u00e8lent que le prince Harry aurait re\u00e7u des menaces de la part du groupe terroriste Al-Qa\u00efda, ses avocats d\u00e9noncent une surveillance \u00abinad\u00e9quate, inappropri\u00e9e et inefficace\u00bb pour le prot\u00e9ger.<\/p>\n<p class=\"fig-paragraph\">Le\u00a0<a href=\"https:\/\/madame.lefigaro.fr\/tag\/prince-harry\" target=\"_blank\" rel=\"noopener\" data-gtm-custom-categorie=\"navigation\" data-gtm-custom-action=\"crossclick\" data-gtm-custom-label=\"Contextuel\" data-gtm-event=\"customEventSPE\">prince Harry<\/a>, cible du terrorisme islamiste\u00a0? C\u2019est ce qu\u2019ont r\u00e9v\u00e9l\u00e9 des documents judiciaires rendus publics ce jeudi 17 avril. Une dizaine de jours plus t\u00f4t, le duc de Sussex assistait \u00e0 une audience \u00e0 huis clos \u00e0 Londres, la derni\u00e8re \u00e9tape d\u2019une bataille qui l\u2019oppose depuis plusieurs ann\u00e9es d\u00e9j\u00e0 au minist\u00e8re de l\u2019Int\u00e9rieur britannique \u00e0 propos de sa s\u00e9curit\u00e9. Un compte rendu de la s\u00e9ance, que\u00a0<a href=\"https:\/\/people.com\/prince-harry-sought-police-protection-murder-threats-al-qaeda-11717787\" target=\"_blank\" rel=\"nofollow noopener\" data-gtm-custom-categorie=\"navigation\" data-gtm-custom-action=\"crossclick\" data-gtm-custom-label=\"Contextuel\" data-gtm-event=\"customEventSPE\">People<\/a> \u00a0a pu consulter, a r\u00e9v\u00e9l\u00e9 que \u00abl\u2019appelant (le prince Harry, NDLR) avait confirm\u00e9 avoir demand\u00e9 une certaine protection apr\u00e8s la prof\u00e9ration d\u2019une menace \u00e0 son encontre par Al-Qa\u00efda\u00bb.<\/p>\n<p class=\"fig-paragraph\">Selon son avocate, Shaheed Fatima, l\u2019organisation terroriste aurait appel\u00e9 \u00e0 \u00abassassiner\u00bb le fils de\u00a0<a href=\"https:\/\/madame.lefigaro.fr\/tag\/charles-iii\" target=\"_blank\" rel=\"noopener\" data-gtm-custom-categorie=\"navigation\" data-gtm-custom-action=\"crossclick\" data-gtm-custom-label=\"Contextuel\" data-gtm-event=\"customEventSPE\">Charles III<\/a>\u00a0\u00e0 la suite de la d\u00e9gradation de sa s\u00e9curit\u00e9 en 2020, lors du Megxit et de son d\u00e9part aux \u00c9tats-Unis. Selon les propos m\u00eames d\u2019Al-Qa\u00efda, son \u00abassassinat plairait \u00e0 la communaut\u00e9 musulmane\u00bb, a ajout\u00e9 son avocate.<\/p>\n<p class=\"fig-body-link&#10;    \">\n            \u00c0 lire aussi<br \/>\n        <a class=\"fig-body-link__link\" href=\"http:\/\/madame.lefigaro.fr\/celebrites\/actu-people\/apres-la-suppression-de-sa-securite-le-prince-harry-est-convaincu-d-etre-au-coeur-d-un-complot-pour-le-faire-revenir-en-angleterre-20250412\" data-fig-type=\"Article\" data-gtm-custom-categorie=\"navigation\" data-gtm-custom-action=\"crossclick\" data-gtm-custom-label=\"Contextuel\" data-gtm-event=\"customEventSPE\" data-fig-domain=\"MADAME\" target=\"_blank\" rel=\"noopener\">Apr\u00e8s la suppression de sa s\u00e9curit\u00e9, le prince Harry est convaincu d\u2019\u00eatre au c\u0153ur d\u2019un complot pour le faire revenir en Angleterre<\/a>\n<\/p>\n<p class=\"fig-paragraph\">En 2020, le Comit\u00e9 ex\u00e9cutif pour la protection de la royaut\u00e9 et des personnalit\u00e9s publiques avait effectivement d\u00e9cid\u00e9 que le prince b\u00e9n\u00e9ficierait d\u00e9sormais d\u2019un degr\u00e9 de protection diff\u00e9rent lorsqu\u2019il se trouvait au Royaume-Uni, ne voyant pas de \u00abbase pour un soutien \u00e0 la s\u00e9curit\u00e9 financ\u00e9 par des fonds publics\u00bb. Une d\u00e9cision \u00e0 l\u2019encontre de l\u2019appel du prince Harry qui demandait davantage de s\u00e9curit\u00e9.<\/p>\n<p>Une surveillance \u00abinad\u00e9quate et inappropri\u00e9e\u00bb<\/p>\n<p class=\"fig-paragraph\">Face \u00e0 ce qu\u2019elle consid\u00e8re comme une \u00abmenace internationale\u00bb pour lui et sa famille, l\u2019avocate du duc de Sussex a d\u00e9nonc\u00e9 une surveillance \u00abinad\u00e9quate, inappropri\u00e9e et inefficace\u00bb pour le prot\u00e9ger lors de ses d\u00e9placements fr\u00e9quents dans son pays natal.<\/p>\n<p class=\"fig-paragraph\">Un avis partag\u00e9 par l\u2019\u00e9poux de\u00a0<a href=\"https:\/\/madame.lefigaro.fr\/tag\/meghan-markle\" target=\"_blank\" rel=\"noopener\" data-gtm-custom-categorie=\"navigation\" data-gtm-custom-action=\"crossclick\" data-gtm-custom-label=\"Contextuel\" data-gtm-event=\"customEventSPE\">Meghan Markle<\/a>, qui refuse pour cette raison d\u2019emmener ses enfants, Archie et Lilibet, au Royaume-Uni. Alors que la justice lui avait propos\u00e9 une protection \u00absur mesure\u00bb, le prince Harry a m\u00eame d\u00e9clar\u00e9 dans ses remarques personnelles \u00eatre plus en danger que sa m\u00e8re, la\u00a0<a href=\"https:\/\/madame.lefigaro.fr\/tag\/lady-diana\" target=\"_blank\" rel=\"noopener\" data-gtm-custom-categorie=\"navigation\" data-gtm-custom-action=\"crossclick\" data-gtm-custom-label=\"Contextuel\" data-gtm-event=\"customEventSPE\">princesse Diana<\/a>, de son vivant, avec \u00abdes couches suppl\u00e9mentaires de racisme et d\u2019extr\u00e9misme\u00bb.<\/p>\n","protected":false},"excerpt":{"rendered":"Le prince Harry \u00e0 la sortie de la Cour royale de justice de Londres, le 9 avril 2025.&hellip;\n","protected":false},"author":2,"featured_media":36542,"comment_status":"","ping_status":"","sticky":false,"template":"","format":"standard","meta":{"footnotes":""},"categories":[8],"tags":[253,2594,970,2593,972,1696,650,58,59,849,638,1011,27,2173,977,873,973,267,974,1254],"class_list":{"0":"post-36541","1":"post","2":"type-post","3":"status-publish","4":"format-standard","5":"has-post-thumbnail","7":"category-divertissement","8":"tag-acteur","9":"tag-actrice","10":"tag-aristo-co","11":"tag-artiste","12":"tag-celebrite","13":"tag-chanteur","14":"tag-cinema","15":"tag-divertissement","16":"tag-entertainment","17":"tag-festival","18":"tag-figaro","19":"tag-fr","20":"tag-france","21":"tag-interview","22":"tag-madame","23":"tag-musique","24":"tag-people","25":"tag-prince-harry","26":"tag-star","27":"tag-terrorisme"},"share_on_mastodon":{"url":"https:\/\/pubeurope.com\/@fr\/114364766150044435","error":""},"_links":{"self":[{"href":"https:\/\/www.europesays.com\/fr\/wp-json\/wp\/v2\/posts\/36541","targetHints":{"allow":["GET"]}}],"collection":[{"href":"https:\/\/www.europesays.com\/fr\/wp-json\/wp\/v2\/posts"}],"about":[{"href":"https:\/\/www.europesays.com\/fr\/wp-json\/wp\/v2\/types\/post"}],"author":[{"embeddable":true,"href":"https:\/\/www.europesays.com\/fr\/wp-json\/wp\/v2\/users\/2"}],"replies":[{"embeddable":true,"href":"https:\/\/www.europesays.com\/fr\/wp-json\/wp\/v2\/comments?post=36541"}],"version-history":[{"count":0,"href":"https:\/\/www.europesays.com\/fr\/wp-json\/wp\/v2\/posts\/36541\/revisions"}],"wp:featuredmedia":[{"embeddable":true,"href":"https:\/\/www.europesays.com\/fr\/wp-json\/wp\/v2\/media\/36542"}],"wp:attachment":[{"href":"https:\/\/www.europesays.com\/fr\/wp-json\/wp\/v2\/media?parent=36541"}],"wp:term":[{"taxonomy":"category","embeddable":true,"href":"https:\/\/www.europesays.com\/fr\/wp-json\/wp\/v2\/categories?post=36541"},{"taxonomy":"post_tag","embeddable":true,"href":"https:\/\/www.europesays.com\/fr\/wp-json\/wp\/v2\/tags?post=36541"}],"curies":[{"name":"wp","href":"https:\/\/api.w.org\/{rel}","templated":true}]}}