{"id":365412,"date":"2025-09-04T10:02:14","date_gmt":"2025-09-04T10:02:14","guid":{"rendered":"https:\/\/www.europesays.com\/fr\/365412\/"},"modified":"2025-09-04T10:02:14","modified_gmt":"2025-09-04T10:02:14","slug":"les-anciens-bains-douches-mis-a-disposition-du-secours-populaire","status":"publish","type":"post","link":"https:\/\/www.europesays.com\/fr\/365412\/","title":{"rendered":"les anciens \u00ab bains douches \u00bb mis \u00e0 disposition du Secours populaire"},"content":{"rendered":"<p>        <strong>La Ville de Nancy a attribu\u00e9 au Secours populaire les anciens locaux des \u00ab bains douches \u00bb, rue Saint-Nicolas, enti\u00e8rement r\u00e9nov\u00e9s. L\u2019association y installe notamment une \u00e9picerie solidaire et des espaces d\u2019accueil pour les familles.<\/strong><\/p>\n<p>L\u2019ancien cabinet m\u00e9dical de garde \u00ab Les Bains Douches \u00bb, situ\u00e9 au 67 rue Saint-Nicolas \u00e0 Nancy, accueille d\u00e9sormais le Secours populaire. La Ville a mis \u00e0 disposition l\u2019ensemble du rez-de-chauss\u00e9e et du premier \u00e9tage, soit 430 m\u00b2 r\u00e9nov\u00e9s par la collectivit\u00e9.<\/p>\n<p>Le rez-de-chauss\u00e9e abrite une \u00e9picerie en libre-service ainsi qu\u2019un espace convivial avec coin caf\u00e9 et jeux pour les familles. Le premier \u00e9tage accueille des services autour de la sant\u00e9 et de l\u2019\u00e9ducation. Les lieux proposent un accompagnement global en mettant l\u2019accent sur l\u2019acc\u00e8s aux droits : alimentation, sant\u00e9, \u00e9ducation, culture, vacances ou encore activit\u00e9s sportives.<\/p>\n<p>Les autres sites de l\u2019association continuent de fonctionner. Les locaux de l\u2019avenue du G\u00e9n\u00e9ral Leclerc restent d\u00e9di\u00e9s \u00e0 la constitution des dossiers et \u00e0 la bouquinerie, dont la surface sera augment\u00e9e. Les vestiaires de l\u2019avenue Leclerc et de la rue du Charmois demeurent \u00e9galement en activit\u00e9.<\/p>\n<p>Chaque ann\u00e9e, selon la ville de Nancy, pr\u00e8s de 3.000 b\u00e9n\u00e9ficiaires sont accompagn\u00e9s par le Secours populaire \u00e0 Nancy.<\/p>\n<p>\u00a0<\/p>\n<p>\t\t\t\t\t\t<a href=\"https:\/\/www.pinterest.com\/pin\/create\/button\/\" data-pin-do=\"buttonBookmark\" data-pin-color=\"red\" rel=\"nofollow noopener\" target=\"_blank\"><img decoding=\"async\" src=\"https:\/\/www.europesays.com\/fr\/wp-content\/uploads\/2025\/04\/pinit_fg_en_rect_red_20.png\" alt=\"Pin It\"\/><\/a><\/p>\n","protected":false},"excerpt":{"rendered":"La Ville de Nancy a attribu\u00e9 au Secours populaire les anciens locaux des \u00ab bains douches \u00bb, rue&hellip;\n","protected":false},"author":2,"featured_media":365413,"comment_status":"","ping_status":"","sticky":false,"template":"","format":"standard","meta":{"footnotes":""},"categories":[9635],"tags":[1111,11,1777,674,1011,27,775,1702,12,25],"class_list":{"0":"post-365412","1":"post","2":"type-post","3":"status-publish","4":"format-standard","5":"has-post-thumbnail","7":"category-nancy","8":"tag-actu","9":"tag-actualites","10":"tag-eu","11":"tag-europe","12":"tag-fr","13":"tag-france","14":"tag-grand-est","15":"tag-nancy","16":"tag-news","17":"tag-republique-francaise"},"share_on_mastodon":{"url":"https:\/\/pubeurope.com\/@fr\/115145457409476344","error":""},"_links":{"self":[{"href":"https:\/\/www.europesays.com\/fr\/wp-json\/wp\/v2\/posts\/365412","targetHints":{"allow":["GET"]}}],"collection":[{"href":"https:\/\/www.europesays.com\/fr\/wp-json\/wp\/v2\/posts"}],"about":[{"href":"https:\/\/www.europesays.com\/fr\/wp-json\/wp\/v2\/types\/post"}],"author":[{"embeddable":true,"href":"https:\/\/www.europesays.com\/fr\/wp-json\/wp\/v2\/users\/2"}],"replies":[{"embeddable":true,"href":"https:\/\/www.europesays.com\/fr\/wp-json\/wp\/v2\/comments?post=365412"}],"version-history":[{"count":0,"href":"https:\/\/www.europesays.com\/fr\/wp-json\/wp\/v2\/posts\/365412\/revisions"}],"wp:featuredmedia":[{"embeddable":true,"href":"https:\/\/www.europesays.com\/fr\/wp-json\/wp\/v2\/media\/365413"}],"wp:attachment":[{"href":"https:\/\/www.europesays.com\/fr\/wp-json\/wp\/v2\/media?parent=365412"}],"wp:term":[{"taxonomy":"category","embeddable":true,"href":"https:\/\/www.europesays.com\/fr\/wp-json\/wp\/v2\/categories?post=365412"},{"taxonomy":"post_tag","embeddable":true,"href":"https:\/\/www.europesays.com\/fr\/wp-json\/wp\/v2\/tags?post=365412"}],"curies":[{"name":"wp","href":"https:\/\/api.w.org\/{rel}","templated":true}]}}